{"id":83657,"date":"2019-05-12T14:54:15","date_gmt":"2019-05-12T12:54:15","guid":{"rendered":"https:\/\/zjarr.tv\/?p=83657"},"modified":"2019-05-12T14:54:15","modified_gmt":"2019-05-12T12:54:15","slug":"basha-maduro-i-ballkanit-drejt-fundit","status":"publish","type":"post","link":"https:\/\/zjarr.tv\/sq\/basha-maduro-i-ballkanit-drejt-fundit\/","title":{"rendered":"Basha: Maduro i Ballkanit drejt fundit"},"content":{"rendered":"<p><strong>Kryedemokrati, Lulzim Basha, i bashkuar me qytetar\u00ebt tek drejtoria e Policis\u00eb s\u00eb Tiran\u00ebs tha se junta ushtarake instaluar nga kryeministri Edi Rama e ka koh\u00ebn t\u00eb num\u00ebruar.<\/strong><\/p>\n<p>Ai u ndal edhe tek dhunimi i sekretarit organizativ Sahit Dollapit, teksa pohoi se nes\u00ebr populli do t\u2019i p\u00ebrgjigjet pushtetit t\u00eb dhun\u00ebs n\u00eb m\u00ebnyr\u00eb proporcionale.<\/p>\n<p>Gjithashtu Basha theksoi se shqiptar\u00ebt e bashkuar dhe t\u00eb vendosur do t\u00eb fitojn\u00eb p\u00ebrball\u00eb k\u00ebtij sistemi, q\u00eb i vjedh\u00eb dhe varf\u00ebron shqiptar\u00ebt \u00e7do dit\u00eb.<\/p>\n<p>Protesta p\u00ebrpara Drejtoris\u00eb s\u00eb Policis\u00eb<\/p>\n<p>\u201cE gjitha Shqip\u00ebria e bashkuar kund\u00ebr nj\u00eb grushti horrash. Aty kan\u00eb instaluar junt\u00eb e krimit n\u00eb vend. Skenari i dhun\u00ebs, q\u00eb vuri n\u00eb l\u00ebvizje me kriminel\u00eb n\u00eb protest\u00ebn paq\u00ebsore. I vetmi njeri i interesuar p\u00ebr dhun\u00eb \u00ebsht\u00eb Mduro i Ballkanit, i cili do t\u00eb marr\u00eb nes\u00ebr p\u00ebrgjigje p\u00ebrfundimtare. Dhuna ndaj Sahit Dollapit vet\u00ebm p\u00ebr t\u00eb d\u00ebrguar mesazh junte dhe mesazh krimi p\u00ebr t\u00eb trembur do t\u00eb marr\u00eb nes\u00ebr p\u00ebrgjigje proporcionale nga populli i bashkuar p\u00ebr ta \u00e7uar protest\u00ebn deri n\u00eb fund.\u00a0 Dhunuan dje t\u00eb rinjt\u00eb dhe t\u00eb rejat t\u00eb ardhur nga Bashkimi Euriopian, student\u00eb an\u00ebtar\u00eb dhe i helmuan me gaz vet\u00eb sepse ishin n\u00eb krahun ton\u00eb, n\u00eb krahun e s\u00eb drejt\u00ebs dhe n\u00eb krahun e qytetar\u00ebve q\u00eb e duan Shqip\u00ebrin\u00eb si e gjith\u00eb Europa. Populli shqiptar nuk frik\u00ebsohet dhe beteja jon\u00eb do t\u00eb vijoj\u00eb m\u00eb e fuqishme, \u00e7do dit\u00eb, \u00e7do nat\u00eb, n\u00eb \u00e7do rrug\u00eb dhe n\u00eb \u00e7do shesh.<\/p>\n<p>Nj\u00eb thirrje t\u00eb ve\u00e7ant\u00eb kam p\u00ebr intelektual\u00ebt, dhe jo p\u00ebr pseudointeletual\u00ebt, p\u00ebr artis\u00ebt shqiptar\u00eb, q\u00eb na b\u00ebjn\u00eb krenar\u00eb m\u00eb mendjen dhe cil\u00ebsin\u00eb e tyre dhe si\u00e7 na jeni bashkuar sot, t\u00eb vijojn\u00eb s\u00eb bashku k\u00ebt\u00eb rrug\u00eb n\u00eb k\u00ebt\u00eb betej\u00eb cil\u00ebsore. N\u00eb qeli nuk duhet t\u00eb j\u00ebn\u00eb qyetar\u00ebt, por politikan\u00ebt e korruptuar dhe kjo do t\u00eb vij\u00eb n\u00eb dit\u00ebn q\u00eb do t\u00eb ndahet drejt\u00ebsia nga krimi. Kjo \u00ebsht\u00eb beteja jon\u00eb, kurr\u00eb jo p\u00ebr pushtet dhe p\u00ebr karrige, por ato i cakton vet\u00ebm populli. Lufta q\u00eb junta i ka shpallur popullit dhe beteja jon\u00eb do t\u00eb vijoj\u00eb me vendosm\u00ebri dhe bashkim e pjes\u00ebmarrje deri n\u00eb fitore\u201d-shtoi.<\/p>\n<p>&nbsp;<\/p>\n","protected":false},"excerpt":{"rendered":"<p>Kryedemokrati, Lulzim Basha, i bashkuar me qytetar\u00ebt tek drejtoria e Policis\u00eb s\u00eb Tiran\u00ebs tha se junta ushtarake instaluar nga kryeministri Edi Rama e ka koh\u00ebn t\u00eb num\u00ebruar. Ai u ndal edhe tek dhunimi i sekretarit organizativ Sahit Dollapit, teksa pohoi se nes\u00ebr populli do t\u2019i p\u00ebrgjigjet pushtetit t\u00eb dhun\u00ebs n\u00eb m\u00ebnyr\u00eb proporcionale. Gjithashtu Basha theksoi [&hellip;]<\/p>\n","protected":false},"author":2013,"featured_media":83600,"comment_status":"open","ping_status":"closed","sticky":false,"template":"","format":"standard","meta":{"footnotes":""},"categories":[241,235],"tags":[],"class_list":{"0":"post-83657","1":"post","2":"type-post","3":"status-publish","4":"format-standard","5":"has-post-thumbnail","7":"category-aktualitet","8":"category-vendi"},"_links":{"self":[{"href":"https:\/\/zjarr.tv\/sq\/wp-json\/wp\/v2\/posts\/83657","targetHints":{"allow":["GET"]}}],"collection":[{"href":"https:\/\/zjarr.tv\/sq\/wp-json\/wp\/v2\/posts"}],"about":[{"href":"https:\/\/zjarr.tv\/sq\/wp-json\/wp\/v2\/types\/post"}],"author":[{"embeddable":true,"href":"https:\/\/zjarr.tv\/sq\/wp-json\/wp\/v2\/users\/2013"}],"replies":[{"embeddable":true,"href":"https:\/\/zjarr.tv\/sq\/wp-json\/wp\/v2\/comments?post=83657"}],"version-history":[{"count":0,"href":"https:\/\/zjarr.tv\/sq\/wp-json\/wp\/v2\/posts\/83657\/revisions"}],"wp:featuredmedia":[{"embeddable":true,"href":"https:\/\/zjarr.tv\/sq\/wp-json\/wp\/v2\/media\/83600"}],"wp:attachment":[{"href":"https:\/\/zjarr.tv\/sq\/wp-json\/wp\/v2\/media?parent=83657"}],"wp:term":[{"taxonomy":"category","embeddable":true,"href":"https:\/\/zjarr.tv\/sq\/wp-json\/wp\/v2\/categories?post=83657"},{"taxonomy":"post_tag","embeddable":true,"href":"https:\/\/zjarr.tv\/sq\/wp-json\/wp\/v2\/tags?post=83657"}],"curies":[{"name":"wp","href":"https:\/\/api.w.org\/{rel}","templated":true}]}}