{"id":83661,"date":"2019-05-12T14:59:12","date_gmt":"2019-05-12T12:59:12","guid":{"rendered":"https:\/\/zjarr.tv\/?p=83661"},"modified":"2019-05-12T14:59:12","modified_gmt":"2019-05-12T12:59:12","slug":"kriza-politike-rama-meta-nuk-me-ka-thirrur-asnjehere-ia-qaj-hallin","status":"publish","type":"post","link":"https:\/\/zjarr.tv\/sq\/kriza-politike-rama-meta-nuk-me-ka-thirrur-asnjehere-ia-qaj-hallin\/","title":{"rendered":"Kriza politike, Rama: Meta nuk me ka thirrur asnjehere, ia qaj hallin"},"content":{"rendered":"<p>Kryeministri Edi Rama ndodhet n\u00eb konferenc\u00eb para gazetar\u00ebve nj\u00eb dit\u00eb pas protest\u00ebs s\u00eb opozit\u00ebs.<\/p>\n<p><em>Sa i takon presidentit n\u00eb koh\u00eb protestrash ia qaj hallin shoq\u00ebrisht e miq\u00ebsisht, politikisht nuk mund t\u00eb them sepse \u00ebsht\u00eb jasht\u00eb kapaciteteve t\u00eb mia p\u00ebr ta kuptuar situat\u00ebn politike t\u00eb tij por ia qaj hallin. Nuk do t\u00eb doja kurr\u00eb t\u00eb isha n\u00eb vendin e tij. \u00cbsht\u00eb n\u00eb hall shum\u00eb t\u00eb madh. Ka shum\u00eb t\u00eb drejt\u00eb q\u00eb nuk m\u00eb ka thirrur asnj\u00ebher\u00eb \u00ebp\u00ebr k\u00ebt\u00eb c\u00ebshtje. E mir\u00ebkuptoj thell\u00ebsisht presidentin. Mbetem n\u00eb solidaritet njer\u00ebzor me t\u00eb sa her\u00eb ka protesta<\/em><\/p>\n<p>&nbsp;<\/p>\n","protected":false},"excerpt":{"rendered":"<p>Kryeministri Edi Rama ndodhet n\u00eb konferenc\u00eb para gazetar\u00ebve nj\u00eb dit\u00eb pas protest\u00ebs s\u00eb opozit\u00ebs. Sa i takon presidentit n\u00eb koh\u00eb protestrash ia qaj hallin shoq\u00ebrisht e miq\u00ebsisht, politikisht nuk mund t\u00eb them sepse \u00ebsht\u00eb jasht\u00eb kapaciteteve t\u00eb mia p\u00ebr ta kuptuar situat\u00ebn politike t\u00eb tij por ia qaj hallin. Nuk do t\u00eb doja kurr\u00eb t\u00eb [&hellip;]<\/p>\n","protected":false},"author":2013,"featured_media":76602,"comment_status":"open","ping_status":"closed","sticky":false,"template":"","format":"standard","meta":{"footnotes":""},"categories":[241,235],"tags":[],"class_list":{"0":"post-83661","1":"post","2":"type-post","3":"status-publish","4":"format-standard","5":"has-post-thumbnail","7":"category-aktualitet","8":"category-vendi"},"_links":{"self":[{"href":"https:\/\/zjarr.tv\/sq\/wp-json\/wp\/v2\/posts\/83661","targetHints":{"allow":["GET"]}}],"collection":[{"href":"https:\/\/zjarr.tv\/sq\/wp-json\/wp\/v2\/posts"}],"about":[{"href":"https:\/\/zjarr.tv\/sq\/wp-json\/wp\/v2\/types\/post"}],"author":[{"embeddable":true,"href":"https:\/\/zjarr.tv\/sq\/wp-json\/wp\/v2\/users\/2013"}],"replies":[{"embeddable":true,"href":"https:\/\/zjarr.tv\/sq\/wp-json\/wp\/v2\/comments?post=83661"}],"version-history":[{"count":0,"href":"https:\/\/zjarr.tv\/sq\/wp-json\/wp\/v2\/posts\/83661\/revisions"}],"wp:featuredmedia":[{"embeddable":true,"href":"https:\/\/zjarr.tv\/sq\/wp-json\/wp\/v2\/media\/76602"}],"wp:attachment":[{"href":"https:\/\/zjarr.tv\/sq\/wp-json\/wp\/v2\/media?parent=83661"}],"wp:term":[{"taxonomy":"category","embeddable":true,"href":"https:\/\/zjarr.tv\/sq\/wp-json\/wp\/v2\/categories?post=83661"},{"taxonomy":"post_tag","embeddable":true,"href":"https:\/\/zjarr.tv\/sq\/wp-json\/wp\/v2\/tags?post=83661"}],"curies":[{"name":"wp","href":"https:\/\/api.w.org\/{rel}","templated":true}]}}