{"id":83673,"date":"2019-05-12T15:37:18","date_gmt":"2019-05-12T13:37:18","guid":{"rendered":"https:\/\/zjarr.tv\/?p=83673"},"modified":"2019-05-12T15:37:18","modified_gmt":"2019-05-12T13:37:18","slug":"rrefimi-i-florentina-feratit-shqiptares-qe-punon-per-facebook","status":"publish","type":"post","link":"https:\/\/zjarr.tv\/sq\/rrefimi-i-florentina-feratit-shqiptares-qe-punon-per-facebook\/","title":{"rendered":"Rr\u00ebfimi i Florentina Feratit, shqiptares q\u00eb punon p\u00ebr Facebook"},"content":{"rendered":"<p>Shqiptarja Florentina Ferati tash e sa vite \u00ebsht\u00eb nj\u00ebra nd\u00ebr punonj\u00ebset e kompanis\u00eb gjigante, at\u00eb t\u00eb rrjetit social Facebook.<\/p>\n<p>Ajo \u00ebsht\u00eb pjes\u00eb e dikasterit p\u00ebr siguri kibernetike, teksa s\u00eb fundmi n\u00eb nj\u00eb intervist\u00eb ekskluzive p\u00ebr Telegrafin, ka folur rreth detajeve t\u00eb pun\u00ebsimit dhe avancimit n\u00eb k\u00ebt\u00eb kompani.<\/p>\n<p>\u201cMe mbi dy miliard\u00eb p\u00ebrdorues, rrjeti shoq\u00ebror ka m\u00eb s\u00eb shumti t\u00eb dh\u00ebna p\u00ebr t\u00eb mbrojtur nga t\u00eb gjitha tek-kompanit\u00eb. Puna n\u00eb ekipin e siguris\u00eb kibernetike t\u00eb Facebook-ut bart p\u00ebrgjegj\u00ebsi t\u00eb madhe, por dhe shp\u00ebrblim t\u00eb madh, meq\u00eb ekipi p\u00ebrballet me sfida t\u00eb reja dhe p\u00ebrher\u00eb sjell risi n\u00eb industrin\u00eb e teknologjis\u00eb. \u00c7do problem q\u00eb haset ndryshon nga t\u00eb tjer\u00ebt, duke k\u00ebrkuar metodologji t\u00eb ndryshme shqyrtimi e reagimit inovativ p\u00ebr ta gjetur shkakun dhe zgjidhjen\u201d, ka th\u00ebn\u00eb Florentina Ferati p\u00ebr Telegrafin.<\/p>\n<p>E pyetur se si \u00ebsht\u00eb t\u00eb punosh n\u00eb zyrat e Facebook, shqiptarja nga Ferizaji rr\u00ebfen m\u00eb tej se ambienti q\u00eb t\u00eb ofrohet n\u00eb k\u00ebt\u00eb kompani \u00ebsht\u00eb v\u00ebrtet i ve\u00e7ant\u00eb dhe i duhur p\u00ebr t\u00eb t\u00eb motivuar p\u00ebr pun\u00eb.<\/p>\n<p>\u201cQ\u00eb prej qershorit 2015, un\u00eb kam zyr\u00ebn n\u00eb rrug\u00ebn \u201cHacker Way\u201d n\u00eb Menlo-Park t\u00eb Kalifornis\u00eb, ku ndodhet selia e Facebook-ut. Facebook \u00ebsht\u00eb nj\u00eb kompani q\u00eb t\u00eb ofron shum\u00eb mund\u00ebsi dhe benefite profesionale dhe personale. Disa q\u00eb mund t\u2019i cek q\u00eb luajn\u00eb rol kryesor n\u00eb arsyet pse un\u00eb jam n\u00eb Facebook q\u00eb tash e kat\u00ebr vite \u00ebsht\u00eb kolektivi i mir\u00eb dhe mund\u00ebsia p\u00ebr t\u00eb pasur ndikim n\u00eb sigurin\u00eb e t\u00eb dh\u00ebnave t\u00eb p\u00ebrdoruesve t\u00eb Facebook, dhe mund\u00ebsin\u00eb q\u00eb m\u00eb jepet p\u00ebr t\u00eb zot\u00ebruar projekte t\u00eb ndryshme q\u00eb ecin p\u00ebrpara zhvillimin e teknologjis\u00eb n\u00eb k\u00ebt\u00eb fush\u00eb. \u00cbsht\u00eb nj\u00eb ambient ku secila dite ndryshon nga tjetra dhe Facebook-u me t\u00eb v\u00ebrtet\u00eb \u00ebsht\u00eb si asnj\u00eb vend tjet\u00ebr: e dua kultur\u00ebn e mahnitshme dhe njer\u00ebzit, dhe ndjenj\u00ebn e fuqizimit p\u00ebr t\u00eb punuar n\u00eb projekte q\u00eb me t\u00ebrheqin. Di\u00e7ka tjet\u00ebr q\u00eb me duket unike dhe q\u00eb m\u00eb p\u00eblqen n\u00eb lidhje me ekipin e Siguris\u00eb n\u00eb Facebook \u00ebsht\u00eb se sa shpejt ekipe te ndryshme vijn\u00eb s\u00eb bashku p\u00ebr t\u00eb punuar n\u00eb probleme t\u00eb r\u00ebnd\u00ebsishme. Me t\u00eb v\u00ebrtet\u00eb \u00ebsht\u00eb shum\u00eb mbres\u00ebl\u00ebn\u00ebse t\u00eb punosh n\u00eb nj\u00eb organizat\u00eb kaq inovative\u201d, ka potencuar ajo m\u00eb tej.<\/p>\n<p>Ambientet e pun\u00ebtor\u00ebve t\u00eb Facebook-ut konsiderohen t\u00eb qeta dhe relaksuese p\u00ebr t\u00eb motivuar pun\u00ebtor\u00ebt<\/p>\n<p>N\u00eb intervist\u00ebn e plot\u00eb, Ferati tregon me krenari se si u rrit nga prind\u00ebrit n\u00eb Kosov\u00eb, teksa n\u00eb rrug\u00ebtimin e m\u00ebvonsh\u00ebm profesional, e gjeti veten n\u00eb fush\u00ebn e teknologjis\u00eb.<\/p>\n<p>&nbsp;<\/p>\n","protected":false},"excerpt":{"rendered":"<p>Shqiptarja Florentina Ferati tash e sa vite \u00ebsht\u00eb nj\u00ebra nd\u00ebr punonj\u00ebset e kompanis\u00eb gjigante, at\u00eb t\u00eb rrjetit social Facebook. Ajo \u00ebsht\u00eb pjes\u00eb e dikasterit p\u00ebr siguri kibernetike, teksa s\u00eb fundmi n\u00eb nj\u00eb intervist\u00eb ekskluzive p\u00ebr Telegrafin, ka folur rreth detajeve t\u00eb pun\u00ebsimit dhe avancimit n\u00eb k\u00ebt\u00eb kompani. \u201cMe mbi dy miliard\u00eb p\u00ebrdorues, rrjeti shoq\u00ebror ka [&hellip;]<\/p>\n","protected":false},"author":2013,"featured_media":83674,"comment_status":"open","ping_status":"closed","sticky":false,"template":"","format":"standard","meta":{"footnotes":""},"categories":[241,235],"tags":[],"class_list":{"0":"post-83673","1":"post","2":"type-post","3":"status-publish","4":"format-standard","5":"has-post-thumbnail","7":"category-aktualitet","8":"category-vendi"},"_links":{"self":[{"href":"https:\/\/zjarr.tv\/sq\/wp-json\/wp\/v2\/posts\/83673","targetHints":{"allow":["GET"]}}],"collection":[{"href":"https:\/\/zjarr.tv\/sq\/wp-json\/wp\/v2\/posts"}],"about":[{"href":"https:\/\/zjarr.tv\/sq\/wp-json\/wp\/v2\/types\/post"}],"author":[{"embeddable":true,"href":"https:\/\/zjarr.tv\/sq\/wp-json\/wp\/v2\/users\/2013"}],"replies":[{"embeddable":true,"href":"https:\/\/zjarr.tv\/sq\/wp-json\/wp\/v2\/comments?post=83673"}],"version-history":[{"count":0,"href":"https:\/\/zjarr.tv\/sq\/wp-json\/wp\/v2\/posts\/83673\/revisions"}],"wp:featuredmedia":[{"embeddable":true,"href":"https:\/\/zjarr.tv\/sq\/wp-json\/wp\/v2\/media\/83674"}],"wp:attachment":[{"href":"https:\/\/zjarr.tv\/sq\/wp-json\/wp\/v2\/media?parent=83673"}],"wp:term":[{"taxonomy":"category","embeddable":true,"href":"https:\/\/zjarr.tv\/sq\/wp-json\/wp\/v2\/categories?post=83673"},{"taxonomy":"post_tag","embeddable":true,"href":"https:\/\/zjarr.tv\/sq\/wp-json\/wp\/v2\/tags?post=83673"}],"curies":[{"name":"wp","href":"https:\/\/api.w.org\/{rel}","templated":true}]}}