{"id":83681,"date":"2019-05-12T15:43:21","date_gmt":"2019-05-12T13:43:21","guid":{"rendered":"https:\/\/zjarr.tv\/?p=83681"},"modified":"2019-05-12T15:43:21","modified_gmt":"2019-05-12T13:43:21","slug":"zaev-me-urim-per-pendarovskin-fituam-lider-i-cili-na-bashkangjitet-ne-udheheqjen-perpara","status":"publish","type":"post","link":"https:\/\/zjarr.tv\/sq\/zaev-me-urim-per-pendarovskin-fituam-lider-i-cili-na-bashkangjitet-ne-udheheqjen-perpara\/","title":{"rendered":"Zaev me urim p\u00ebr Pendarovskin: Fituam lider i cili na bashkangjitet n\u00eb udh\u00ebheqjen p\u00ebrpara"},"content":{"rendered":"<p><strong>Kryeministri Zoran Zaev sot i d\u00ebrgoi urim me rastin e inaugurimit, presidentit t\u00eb vendit, Stevo Pendarovski.<\/strong><\/p>\n<p>Si\u00e7 thekson, vendi me Pendarovskin fiton lider i cili bashkangjitet n\u00eb udh\u00ebheqjen p\u00ebrpara.<\/p>\n<p>Zaev i shpreh\u00eb mb\u00ebshtetje Pendarovskit dhe paralajm\u00ebron se bashkarisht, i pret shum\u00eb pun\u00eb, nd\u00ebrkaq p\u00ebrgjegj\u00ebsia \u00ebsht\u00eb e madhe.<\/p>\n<p>\u201cSot vendi yn\u00eb fiton president \u2013 ky \u00ebsht\u00eb i joni Stevo Pendarovski, lider i cili na bashkangjitet n\u00eb kryesimin p\u00ebrpara, n\u00eb nism\u00ebn ton\u00eb t\u00eb p\u00ebrbashk\u00ebt me t\u00eb cil\u00ebn e b\u00ebjm\u00eb Maqedonin\u00eb e Veriut vend t\u00eb bukur p\u00ebr t\u00eb jetuar. Sot Pendarovski e merr detyr\u00ebn p\u00ebr t\u00eb qen\u00eb president i t\u00eb gjith\u00eb qytetar\u00ebve, jopartiak, t\u00eb luftoj\u00eb p\u00ebr drejt\u00ebsi dhe barazi dhe ta prezantoj\u00eb vendin n\u00eb m\u00ebnyr\u00eb dinjitoze \u00e7dokund n\u00eb bot\u00eb\u201d, shkruan n\u00eb urim.<\/p>\n<p>Sipas kryeministrit, qytetar\u00ebt konfirmuan se duhet t\u00eb vazhdohet p\u00ebrpara, p\u00ebrmes bashkimit.<\/p>\n<p>\u201cI dashur Stevo, urime. Ia dol\u00ebm. Qytetar\u00ebt konfirmuan se duhet t\u00eb vazhdojm\u00eb p\u00ebrpara, p\u00ebrmes bashkimit, T\u00eb d\u00ebshiroj sukses dhe besoj n\u00eb bashk\u00ebpunimin konstruktiv n\u00eb interes t\u00eb zhvillimit. Tani p\u00ebrgjegj\u00ebsia \u00ebsht\u00eb e madhe.<\/p>\n<p>T\u00eb mb\u00ebshtes n\u00eb m\u00ebnyr\u00eb q\u00eb t\u2019u sh\u00ebrbesh me p\u00ebrkushtim dhe me drejt\u00ebsi t\u00eb gjith\u00eb qytetar\u00ebve dhe shtetit ton\u00eb. Urime, shihemi s\u00eb shpejti n\u00eb Shkup, n\u00eb kafen\u00eb e par\u00eb presidenciale-kryeministrore, dhe n\u00eb takimin e par\u00eb t\u00eb pun\u00ebs. Na pret shum\u00eb pun\u00eb e p\u00ebrbashk\u00ebt, p\u00ebr popullin ton\u00eb\u201d, thekson Zaev.<\/p>\n<p>&nbsp;<\/p>\n","protected":false},"excerpt":{"rendered":"<p>Kryeministri Zoran Zaev sot i d\u00ebrgoi urim me rastin e inaugurimit, presidentit t\u00eb vendit, Stevo Pendarovski. Si\u00e7 thekson, vendi me Pendarovskin fiton lider i cili bashkangjitet n\u00eb udh\u00ebheqjen p\u00ebrpara. Zaev i shpreh\u00eb mb\u00ebshtetje Pendarovskit dhe paralajm\u00ebron se bashkarisht, i pret shum\u00eb pun\u00eb, nd\u00ebrkaq p\u00ebrgjegj\u00ebsia \u00ebsht\u00eb e madhe. \u201cSot vendi yn\u00eb fiton president \u2013 ky \u00ebsht\u00eb [&hellip;]<\/p>\n","protected":false},"author":2013,"featured_media":53177,"comment_status":"open","ping_status":"closed","sticky":false,"template":"","format":"standard","meta":{"footnotes":""},"categories":[241,2],"tags":[],"class_list":{"0":"post-83681","1":"post","2":"type-post","3":"status-publish","4":"format-standard","5":"has-post-thumbnail","7":"category-aktualitet","8":"category-rajoni"},"_links":{"self":[{"href":"https:\/\/zjarr.tv\/sq\/wp-json\/wp\/v2\/posts\/83681","targetHints":{"allow":["GET"]}}],"collection":[{"href":"https:\/\/zjarr.tv\/sq\/wp-json\/wp\/v2\/posts"}],"about":[{"href":"https:\/\/zjarr.tv\/sq\/wp-json\/wp\/v2\/types\/post"}],"author":[{"embeddable":true,"href":"https:\/\/zjarr.tv\/sq\/wp-json\/wp\/v2\/users\/2013"}],"replies":[{"embeddable":true,"href":"https:\/\/zjarr.tv\/sq\/wp-json\/wp\/v2\/comments?post=83681"}],"version-history":[{"count":0,"href":"https:\/\/zjarr.tv\/sq\/wp-json\/wp\/v2\/posts\/83681\/revisions"}],"wp:featuredmedia":[{"embeddable":true,"href":"https:\/\/zjarr.tv\/sq\/wp-json\/wp\/v2\/media\/53177"}],"wp:attachment":[{"href":"https:\/\/zjarr.tv\/sq\/wp-json\/wp\/v2\/media?parent=83681"}],"wp:term":[{"taxonomy":"category","embeddable":true,"href":"https:\/\/zjarr.tv\/sq\/wp-json\/wp\/v2\/categories?post=83681"},{"taxonomy":"post_tag","embeddable":true,"href":"https:\/\/zjarr.tv\/sq\/wp-json\/wp\/v2\/tags?post=83681"}],"curies":[{"name":"wp","href":"https:\/\/api.w.org\/{rel}","templated":true}]}}