{"id":83683,"date":"2019-05-12T15:45:02","date_gmt":"2019-05-12T13:45:02","guid":{"rendered":"https:\/\/zjarr.tv\/?p=83683"},"modified":"2019-05-12T15:45:02","modified_gmt":"2019-05-12T13:45:02","slug":"rama-une-dako-e-tahiri-jemi-te-paster-pergjimet-nuk-kane-vlere","status":"publish","type":"post","link":"https:\/\/zjarr.tv\/sq\/rama-une-dako-e-tahiri-jemi-te-paster-pergjimet-nuk-kane-vlere\/","title":{"rendered":"Rama: Un\u00eb, Dako e Tahiri jemi t\u00eb past\u00ebr. P\u00ebrgjimet nuk kan\u00eb vler\u00eb"},"content":{"rendered":"<p>Duke folur p\u00ebr dosjen 339 dhe dosjen e Dibr\u00ebs, Edi Rama n\u00eb nj\u00eb monolog p\u00ebrballe gazetar\u00ebve te pronar\u00ebve q\u00eb presin lejet dhe koncesionet e radh\u00ebs ka q\u00ebne i prer\u00eb.<br \/>\nPergjimet e \u201c339\u201d, t\u00eb Dibr\u00ebs dhe t\u00eb Saimir Tahirit nuk thon\u00eb asgj\u00eb. Jemi t\u00eb pafajsh\u00ebm t\u00eb tre edhe pse pretendohet se k\u00ebto dosje jan\u00eb n\u00eb hetim. Madje Saimir Tahiri ka nje akuze konkrete nga prokuroria per perfshirje ne trafik nderkombetar droge.<br \/>\nE megjithate per Edi Ram\u00ebn t\u00eb tre jan\u00eb te past\u00ebr. Ai vet\u00eb, Dako e Tahiri<\/p>\n<p>&nbsp;<\/p>\n","protected":false},"excerpt":{"rendered":"<p>Duke folur p\u00ebr dosjen 339 dhe dosjen e Dibr\u00ebs, Edi Rama n\u00eb nj\u00eb monolog p\u00ebrballe gazetar\u00ebve te pronar\u00ebve q\u00eb presin lejet dhe koncesionet e radh\u00ebs ka q\u00ebne i prer\u00eb. Pergjimet e \u201c339\u201d, t\u00eb Dibr\u00ebs dhe t\u00eb Saimir Tahirit nuk thon\u00eb asgj\u00eb. Jemi t\u00eb pafajsh\u00ebm t\u00eb tre edhe pse pretendohet se k\u00ebto dosje jan\u00eb n\u00eb hetim. [&hellip;]<\/p>\n","protected":false},"author":2013,"featured_media":68133,"comment_status":"open","ping_status":"closed","sticky":false,"template":"","format":"standard","meta":{"footnotes":""},"categories":[241,235],"tags":[],"class_list":{"0":"post-83683","1":"post","2":"type-post","3":"status-publish","4":"format-standard","5":"has-post-thumbnail","7":"category-aktualitet","8":"category-vendi"},"_links":{"self":[{"href":"https:\/\/zjarr.tv\/sq\/wp-json\/wp\/v2\/posts\/83683","targetHints":{"allow":["GET"]}}],"collection":[{"href":"https:\/\/zjarr.tv\/sq\/wp-json\/wp\/v2\/posts"}],"about":[{"href":"https:\/\/zjarr.tv\/sq\/wp-json\/wp\/v2\/types\/post"}],"author":[{"embeddable":true,"href":"https:\/\/zjarr.tv\/sq\/wp-json\/wp\/v2\/users\/2013"}],"replies":[{"embeddable":true,"href":"https:\/\/zjarr.tv\/sq\/wp-json\/wp\/v2\/comments?post=83683"}],"version-history":[{"count":0,"href":"https:\/\/zjarr.tv\/sq\/wp-json\/wp\/v2\/posts\/83683\/revisions"}],"wp:featuredmedia":[{"embeddable":true,"href":"https:\/\/zjarr.tv\/sq\/wp-json\/wp\/v2\/media\/68133"}],"wp:attachment":[{"href":"https:\/\/zjarr.tv\/sq\/wp-json\/wp\/v2\/media?parent=83683"}],"wp:term":[{"taxonomy":"category","embeddable":true,"href":"https:\/\/zjarr.tv\/sq\/wp-json\/wp\/v2\/categories?post=83683"},{"taxonomy":"post_tag","embeddable":true,"href":"https:\/\/zjarr.tv\/sq\/wp-json\/wp\/v2\/tags?post=83683"}],"curies":[{"name":"wp","href":"https:\/\/api.w.org\/{rel}","templated":true}]}}