{"id":83686,"date":"2019-05-12T15:54:07","date_gmt":"2019-05-12T13:54:07","guid":{"rendered":"https:\/\/zjarr.tv\/?p=83686"},"modified":"2019-05-12T15:54:07","modified_gmt":"2019-05-12T13:54:07","slug":"gjosha-teatri-drame-i-drames-reale-te-kryeministrit","status":"publish","type":"post","link":"https:\/\/zjarr.tv\/sq\/gjosha-teatri-drame-i-drames-reale-te-kryeministrit\/","title":{"rendered":"Gjosha: Teatri dram\u00eb i dram\u00ebs reale t\u00eb kryeministrit!"},"content":{"rendered":"<p>Nga Klajda Gjosha\/<\/p>\n<p>Teatri dram\u00eb i dram\u00ebs reale t\u00eb kryeministrit!<\/p>\n<p>\u00c7far\u00eb drame t\u00eb d\u00ebgjosh Kryeministrin me nj\u00eb z\u00eb q\u00eb k\u00ebrkon t\u00eb t\u00eb prek\u00eb, me nj\u00eb rol viktimizues, aq sa t\u00eb duket sikur po ndjek nj\u00eb teat\u00ebr monolog t\u00eb nj\u00eb njeriu q\u00eb k\u00ebrkon t\u00eb shfaq\u00eb nj\u00eb tjet\u00ebr fytyr\u00eb nga ajo q\u00eb \u00ebsht\u00eb n\u00eb t\u00eb v\u00ebrtet\u00eb!<\/p>\n<p>Kjo \u00ebsht\u00eb drama e nj\u00eb lideri q\u00eb k\u00ebrkon me \u00e7do kusht t\u00eb tregohet vizionar, kur ka humbur realitetin dhe \u00ebsht\u00eb p\u00ebrhumbur brenda vizionit t\u00eb tij t\u00eb shkurt\u00ebr!<\/p>\n<p>Kjo \u00ebsht\u00eb drama e tij me vetveten n\u00eb momentet e fundit t\u00eb kapjes pas pushtetit, pas karriges! \u00cbsht\u00eb ul\u00ebrima e thell\u00eb brenda tij, n\u00eb momentet q\u00eb ka kuptuar se se \u00ebsht\u00eb vet\u00ebm, se qytetar\u00ebt nuk mashtrohen dot m\u00eb dhe se para tyre ai tashm\u00eb \u00ebsht\u00eb \u2018Mbreti Lakuriq\u2019!<\/p>\n<p>Dhuna e djeshme kundrejt qytetar\u00ebve \u00ebsht\u00eb hakmarrja ndaj dram\u00ebs s\u00eb tij personale n\u00eb qeverisje. \u00cbsht\u00eb pik\u00ebrisht ky shtet dhunues q\u00eb tregon trishtimin dhe urrejtjen q\u00eb kryeministri sot ka ndaj gjith\u00eb shoq\u00ebris\u00eb por edhe ndaj bashk\u00ebpun\u00ebtor\u00ebve t\u00eb tij q\u00eb sot e kan\u00eb l\u00ebn\u00eb vet\u00ebm.<\/p>\n<p>Dhe sot, ishte pik\u00ebrisht kjo konferenc\u00eb urgjente, q\u00eb na shfaqi teatrin dram\u00eb t\u00eb dram\u00ebs reale q\u00eb po p\u00ebrjeton vet\u00eb kryeministri!<\/p>\n<p>&nbsp;<\/p>\n","protected":false},"excerpt":{"rendered":"<p>Nga Klajda Gjosha\/ Teatri dram\u00eb i dram\u00ebs reale t\u00eb kryeministrit! \u00c7far\u00eb drame t\u00eb d\u00ebgjosh Kryeministrin me nj\u00eb z\u00eb q\u00eb k\u00ebrkon t\u00eb t\u00eb prek\u00eb, me nj\u00eb rol viktimizues, aq sa t\u00eb duket sikur po ndjek nj\u00eb teat\u00ebr monolog t\u00eb nj\u00eb njeriu q\u00eb k\u00ebrkon t\u00eb shfaq\u00eb nj\u00eb tjet\u00ebr fytyr\u00eb nga ajo q\u00eb \u00ebsht\u00eb n\u00eb t\u00eb v\u00ebrtet\u00eb! Kjo [&hellip;]<\/p>\n","protected":false},"author":2013,"featured_media":60938,"comment_status":"open","ping_status":"closed","sticky":false,"template":"","format":"standard","meta":{"footnotes":""},"categories":[241,235],"tags":[],"class_list":{"0":"post-83686","1":"post","2":"type-post","3":"status-publish","4":"format-standard","5":"has-post-thumbnail","7":"category-aktualitet","8":"category-vendi"},"_links":{"self":[{"href":"https:\/\/zjarr.tv\/sq\/wp-json\/wp\/v2\/posts\/83686","targetHints":{"allow":["GET"]}}],"collection":[{"href":"https:\/\/zjarr.tv\/sq\/wp-json\/wp\/v2\/posts"}],"about":[{"href":"https:\/\/zjarr.tv\/sq\/wp-json\/wp\/v2\/types\/post"}],"author":[{"embeddable":true,"href":"https:\/\/zjarr.tv\/sq\/wp-json\/wp\/v2\/users\/2013"}],"replies":[{"embeddable":true,"href":"https:\/\/zjarr.tv\/sq\/wp-json\/wp\/v2\/comments?post=83686"}],"version-history":[{"count":0,"href":"https:\/\/zjarr.tv\/sq\/wp-json\/wp\/v2\/posts\/83686\/revisions"}],"wp:featuredmedia":[{"embeddable":true,"href":"https:\/\/zjarr.tv\/sq\/wp-json\/wp\/v2\/media\/60938"}],"wp:attachment":[{"href":"https:\/\/zjarr.tv\/sq\/wp-json\/wp\/v2\/media?parent=83686"}],"wp:term":[{"taxonomy":"category","embeddable":true,"href":"https:\/\/zjarr.tv\/sq\/wp-json\/wp\/v2\/categories?post=83686"},{"taxonomy":"post_tag","embeddable":true,"href":"https:\/\/zjarr.tv\/sq\/wp-json\/wp\/v2\/tags?post=83686"}],"curies":[{"name":"wp","href":"https:\/\/api.w.org\/{rel}","templated":true}]}}