{"id":83691,"date":"2019-05-12T16:07:58","date_gmt":"2019-05-12T14:07:58","guid":{"rendered":"https:\/\/zjarr.tv\/?p=83691"},"modified":"2019-05-12T16:07:58","modified_gmt":"2019-05-12T14:07:58","slug":"vasili-rama-mashtroi-dynjane","status":"publish","type":"post","link":"https:\/\/zjarr.tv\/sq\/vasili-rama-mashtroi-dynjane\/","title":{"rendered":"Vasili: Rama mashtroi dynjan\u00eb"},"content":{"rendered":"<p>Kreu i Grupit Parlamentar t\u00eb LSI-s\u00eb, Petrit Vasili n\u00eb nj\u00eb dalje p\u00ebr mediat\u00a0 u ndal gjer\u00eb e gjat\u00eb te konferenca e kryeministrit Edi Rama sot me gazetar\u00ebt. Vasili teksa e cil\u00ebsoi kryeministrin Rama si \u2018kryeg\u00ebnjeshtar\u2019 u shpreh se i gjith\u00eb fjalimi i tij ishte mashtrim. Kreu i Grupit Parlamentar t\u00eb LSI-s\u00eb, n\u00eb fjal\u00ebn e tij, nuk kurseu edhe akuzat ndaj OSBE-s\u00eb duke d\u00ebnuar n\u00eb k\u00ebt\u00eb m\u00ebnyr\u00eb kritikat ndaj opozit\u00ebs aktuale dhe protest\u00ebs s\u00eb organizuar nga ajo dje.<\/p>\n<p>\u201cDit\u00eb e jasht\u00ebzakonshme p\u00ebr Tiran\u00ebn dhe p\u00ebr gjith\u00eb Shqip\u00ebrisn\u00eb. Kur pushteti i Ram\u00ebs tregoi fitoren e v\u00ebrtet\u00eb at\u00eb t\u00eb lidhur me krimin. Kryeg\u00ebnjeshtari i Shqip\u00ebris\u00eb, kryeministri Edi Rama mashtroi gjith\u00eb dynjan\u00eb edhe me b\u00ebmat e 21 janarit. T\u00eb gjith\u00eb e kan\u00eb t\u00eb kthjell\u00ebt n\u00eb mendje dhun\u00ebn e ushtruar, gjakosjen e forcave t\u00eb rendit. Kujtoni sesi u p\u00ebrfshi Tirana n\u00eb zjarr dhe flak\u00eb dhe si u ngaz\u00eblleu p\u00ebr viktimat. Agron Malaj, ishte nj\u00eb ata t\u00eb akuzuarit e Edi Ram\u00ebs sot \u00ebsht\u00eb kryetar bashkie.<\/p>\n<p>N\u00eb dispozicion t\u00eb 21 janarit organizuan nj\u00eb tentativ\u00eb p\u00ebr grusht shteti. \u00cbsht\u00eb futur me makin\u00eb n\u00eb kryeministri. Ky \u00ebsht\u00eb Edi Rama i 21 janarit q\u00eb me paturp\u00ebrsin\u00eb k\u00ebrkon t\u00eb fik\u00eb krimin e organizuar dje. Nj\u00eb turm\u00eb \u00e7akejsh t\u00eb kriminalizuar u hodh\u00ebn me nj\u00ebri tjetrin. Rama i ka p\u00ebrzier duart aq keq, nuk \u00e7lirohet dot nga sindromi i duarve t\u00eb lar\u00eb n\u00eb gjak t\u00eb cil\u00ebt m\u00eb shum\u00eb do ta \u00e7mendin se do ta laj\u00eb. U urdh\u00ebrua n\u00eb m\u00ebnyr\u00eb t\u00eb drejt\u00ebp\u00ebrdrejt\u00eb. Ka vet\u00ebm nj\u00eb rrug\u00eb, drejt\u00ebsi t\u00eb ashp\u00ebr q\u00eb do ta kuptoj\u00eb \u00e7do njeri. Do p\u00ebrgjigjet nj\u00eb p\u00ebr nj\u00eb. Shefi i OSBE-s n\u00eb Tiran\u00eb nuk si se ku ka kok\u00ebn. Shqiptar\u00ebt nuk din\u00eb se cil\u00ebn OSBE t\u00eb besojn\u00eb ata q\u00eb mbyllin syt\u00eb para krimit. Ishin aty p\u00ebr t\u00eb treguar se shqiptar\u00ebt nuk i v\u00eb njeri p\u00ebr fundmi. Sa i takon zgjedhjeve t\u00eb parakohshme jan\u00eb nj\u00eb rrug\u00eb q\u00eb Shqip\u00ebria do t\u00eb hyj\u00eb dhe do t\u00eb shikoj\u00eb drit\u00ebn. \u00cbsht\u00eb provuar bot\u00ebrisht q\u00eb votat jan\u00eb bler\u00eb nga krimi i organizuar, pra dosjet e publikuara nga Z\u00ebri i Amerik\u00ebs i v\u00ebjn\u00eb vul\u00ebn iligjimitetit. Ky ka dal\u00eb si produkt i k\u00ebtij parlamenti dhe ne duhet t\u00eb bashk\u00ebjetojm\u00eb me krimin se ky vodhi votat. M\u00eb pas, krimi nuk amnistohet kurr\u00eb dhe q\u00eb n\u00eb momentin e par\u00eb q\u00eb dallohet do ishte larguar vet\u00eb pa pasur nevoj\u00eb q\u00eb dikush t\u00eb protesoj\u00eb n\u00eb rrug\u00eb. \u201c- u shpreh Vasili.<\/p>\n<p>&nbsp;<\/p>\n","protected":false},"excerpt":{"rendered":"<p>Kreu i Grupit Parlamentar t\u00eb LSI-s\u00eb, Petrit Vasili n\u00eb nj\u00eb dalje p\u00ebr mediat\u00a0 u ndal gjer\u00eb e gjat\u00eb te konferenca e kryeministrit Edi Rama sot me gazetar\u00ebt. Vasili teksa e cil\u00ebsoi kryeministrin Rama si \u2018kryeg\u00ebnjeshtar\u2019 u shpreh se i gjith\u00eb fjalimi i tij ishte mashtrim. Kreu i Grupit Parlamentar t\u00eb LSI-s\u00eb, n\u00eb fjal\u00ebn e tij, [&hellip;]<\/p>\n","protected":false},"author":2013,"featured_media":70175,"comment_status":"open","ping_status":"closed","sticky":false,"template":"","format":"standard","meta":{"footnotes":""},"categories":[241,235],"tags":[],"class_list":{"0":"post-83691","1":"post","2":"type-post","3":"status-publish","4":"format-standard","5":"has-post-thumbnail","7":"category-aktualitet","8":"category-vendi"},"_links":{"self":[{"href":"https:\/\/zjarr.tv\/sq\/wp-json\/wp\/v2\/posts\/83691","targetHints":{"allow":["GET"]}}],"collection":[{"href":"https:\/\/zjarr.tv\/sq\/wp-json\/wp\/v2\/posts"}],"about":[{"href":"https:\/\/zjarr.tv\/sq\/wp-json\/wp\/v2\/types\/post"}],"author":[{"embeddable":true,"href":"https:\/\/zjarr.tv\/sq\/wp-json\/wp\/v2\/users\/2013"}],"replies":[{"embeddable":true,"href":"https:\/\/zjarr.tv\/sq\/wp-json\/wp\/v2\/comments?post=83691"}],"version-history":[{"count":0,"href":"https:\/\/zjarr.tv\/sq\/wp-json\/wp\/v2\/posts\/83691\/revisions"}],"wp:featuredmedia":[{"embeddable":true,"href":"https:\/\/zjarr.tv\/sq\/wp-json\/wp\/v2\/media\/70175"}],"wp:attachment":[{"href":"https:\/\/zjarr.tv\/sq\/wp-json\/wp\/v2\/media?parent=83691"}],"wp:term":[{"taxonomy":"category","embeddable":true,"href":"https:\/\/zjarr.tv\/sq\/wp-json\/wp\/v2\/categories?post=83691"},{"taxonomy":"post_tag","embeddable":true,"href":"https:\/\/zjarr.tv\/sq\/wp-json\/wp\/v2\/tags?post=83691"}],"curies":[{"name":"wp","href":"https:\/\/api.w.org\/{rel}","templated":true}]}}