{"id":83700,"date":"2019-05-12T16:39:51","date_gmt":"2019-05-12T14:39:51","guid":{"rendered":"https:\/\/zjarr.tv\/?p=83700"},"modified":"2019-05-12T16:39:51","modified_gmt":"2019-05-12T14:39:51","slug":"dhuna-ndaj-dollapit-spiropali-policet-ne-lartesine-e-detyres","status":"publish","type":"post","link":"https:\/\/zjarr.tv\/sq\/dhuna-ndaj-dollapit-spiropali-policet-ne-lartesine-e-detyres\/","title":{"rendered":"Dhuna ndaj Dollapit, Spiropali: Polic\u00ebt n\u00eb lart\u00ebsin\u00eb e detyr\u00ebs"},"content":{"rendered":"<p>Ministrja e Marr\u00ebdh\u00ebnieve me Parlamentin , Elisa Spiropali, e pyetur p\u00ebr dhunimin e Sekretarit Organizativ t\u00eb PD Sait Dollapi tha se policia \u00ebsht\u00eb treguar n\u00eb lart\u00ebsin\u00eb e duhur. Gazetarja Lorena Kodra raporton p\u00ebr \u201cBalkan\u00ebeb\u201d se Spiropali u shpreh nga Kor\u00e7a se Dollapi dhe ata q\u00eb jan\u00eb arrestuar jan\u00eb z\u00ebn\u00eb me presh n\u00eb duar duke b\u00ebr\u00eb thirrje kund\u00ebr policis\u00eb.<\/p>\n<p>\u201cPara se un\u00eb t\u00eb jap nj\u00eb pretenc\u00eb \u00ebsht\u00eb dhunuar ose jo sekretari organizativ i Partis\u00eb Demokratike, mund t\u2019ju them q\u00eb Sekretari Organizativ i PD ashtu si funksionar\u00eb t\u00eb tjer\u00eb t\u00eb lart\u00eb t\u00eb k\u00ebsaj force politike jan\u00eb z\u00ebn\u00eb nga kamerat me presh n\u00eb duar duke b\u00ebr\u00eb thirrje p\u00ebr t\u00eb goditur policin\u00eb, duke goditur me flak\u00eb e zjarr policin\u00eb. N\u00eb asnj\u00eb moment dhe p\u00ebr asnj\u00eb arsye t\u00eb qenurit lider ata nuk i b\u00ebn\u00eb thirrje qytetar\u00ebve q\u00eb t\u00eb ndalnin dhun\u00ebn ndaj institucioneve.<\/p>\n<p>T\u00eb nxitur prej tyre ata sulmuan fizikisht kryeministrin\u00eb dhe parlamentin e Republik\u00ebs s\u00eb Shqip\u00ebris\u00eb. N\u00eb \u00e7do vend tjet\u00ebr patjet\u00ebr q\u00eb policia ka tagrin p\u00ebr t\u00eb vendosur qet\u00ebsin\u00eb, e b\u00ebri dhe mbr\u00ebm\u00eb n\u00eb protest\u00eb, nuk pati asnj\u00eb tejkalim dhune. Policia e Shtetit jo vet\u00ebm u tregua qytetar\u00eb por n\u00eb lart\u00ebsin\u00eb e detyr\u00ebs. Ata q\u00eb b\u00ebjn\u00eb thirrje p\u00ebr t\u00eb sulmuar policin\u00eb jan\u00eb po t\u00eb nj\u00ebjt\u00ebt q\u00eb p\u00ebrmes forc\u00ebs s\u00eb Gard\u00ebs s\u00eb Republik\u00ebs dhe plumbave godit\u00ebn qytetar\u00eb paq\u00ebsore n\u00eb protestat e 2011.<\/p>\n<p>Besoj ju kujtohet qytetar\u00ebt nuk i kan\u00eb harruar, \u00ebsht\u00eb po e nj\u00ebjta forc\u00eb politike dhe po t\u00eb nj\u00ebjt\u00ebt veprimtar\u00eb t\u00eb shkat\u00ebrrimit, t\u00eb cil\u00ebt n\u00eb 2011 nga zyrat e institucioneve t\u00eb tyre qoft\u00eb Lulezim Basha si Minist\u00ebr i Brendsh\u00ebm qoft\u00eb Sali Berisha si kryeminist\u00ebr jepnin urdhra p\u00ebr t\u00eb q\u00eblluar qytetar\u00eb me duar n\u00eb xhepa n\u00eb bulevardin e Shqip\u00ebris\u00eb, sot n\u00eb opozit\u00eb nxisin dhun\u00eb ndaj institucioneve p\u00ebr hir t\u00eb pushtetit t\u00eb tyre dhe p\u00ebr asnj\u00eb interes tjet\u00ebr\u201d, tha Spiropali.<\/p>\n<p>K\u00ebt\u00eb deklarat\u00eb ministrja Spiropali e ka b\u00ebr\u00eb pas prezantimit p\u00ebr kandidat\u00eb p\u00ebr bashkit\u00eb e Juglindjes.<\/p>\n<p>&nbsp;<\/p>\n","protected":false},"excerpt":{"rendered":"<p>Ministrja e Marr\u00ebdh\u00ebnieve me Parlamentin , Elisa Spiropali, e pyetur p\u00ebr dhunimin e Sekretarit Organizativ t\u00eb PD Sait Dollapi tha se policia \u00ebsht\u00eb treguar n\u00eb lart\u00ebsin\u00eb e duhur. Gazetarja Lorena Kodra raporton p\u00ebr \u201cBalkan\u00ebeb\u201d se Spiropali u shpreh nga Kor\u00e7a se Dollapi dhe ata q\u00eb jan\u00eb arrestuar jan\u00eb z\u00ebn\u00eb me presh n\u00eb duar duke b\u00ebr\u00eb [&hellip;]<\/p>\n","protected":false},"author":2013,"featured_media":0,"comment_status":"open","ping_status":"closed","sticky":false,"template":"","format":"standard","meta":{"footnotes":""},"categories":[241,235],"tags":[],"class_list":{"0":"post-83700","1":"post","2":"type-post","3":"status-publish","4":"format-standard","6":"category-aktualitet","7":"category-vendi"},"_links":{"self":[{"href":"https:\/\/zjarr.tv\/sq\/wp-json\/wp\/v2\/posts\/83700","targetHints":{"allow":["GET"]}}],"collection":[{"href":"https:\/\/zjarr.tv\/sq\/wp-json\/wp\/v2\/posts"}],"about":[{"href":"https:\/\/zjarr.tv\/sq\/wp-json\/wp\/v2\/types\/post"}],"author":[{"embeddable":true,"href":"https:\/\/zjarr.tv\/sq\/wp-json\/wp\/v2\/users\/2013"}],"replies":[{"embeddable":true,"href":"https:\/\/zjarr.tv\/sq\/wp-json\/wp\/v2\/comments?post=83700"}],"version-history":[{"count":0,"href":"https:\/\/zjarr.tv\/sq\/wp-json\/wp\/v2\/posts\/83700\/revisions"}],"wp:attachment":[{"href":"https:\/\/zjarr.tv\/sq\/wp-json\/wp\/v2\/media?parent=83700"}],"wp:term":[{"taxonomy":"category","embeddable":true,"href":"https:\/\/zjarr.tv\/sq\/wp-json\/wp\/v2\/categories?post=83700"},{"taxonomy":"post_tag","embeddable":true,"href":"https:\/\/zjarr.tv\/sq\/wp-json\/wp\/v2\/tags?post=83700"}],"curies":[{"name":"wp","href":"https:\/\/api.w.org\/{rel}","templated":true}]}}