{"id":83704,"date":"2019-05-12T16:45:02","date_gmt":"2019-05-12T14:45:02","guid":{"rendered":"https:\/\/zjarr.tv\/?p=83704"},"modified":"2019-05-12T16:45:02","modified_gmt":"2019-05-12T14:45:02","slug":"bebe-rexha-shqiptaret-nuk-mbeshtesin-njeri-tjetrin","status":"publish","type":"post","link":"https:\/\/zjarr.tv\/sq\/bebe-rexha-shqiptaret-nuk-mbeshtesin-njeri-tjetrin\/","title":{"rendered":"Bebe Rexha: Shqiptar\u00ebt nuk mb\u00ebshtesin nj\u00ebri-tjetrin"},"content":{"rendered":"<p>Bebe Rexha ka treguar shpesh se \u00ebsht\u00eb shum\u00eb krenare p\u00ebr origjin\u00ebn e saj dhe nuk ka l\u00ebn\u00eb rast pa e th\u00ebn\u00eb k\u00ebt\u00eb gj\u00eb. Pavar\u00ebsisht se \u00ebsht\u00eb rritur n\u00eb Amerik\u00eb ajo dhe familja e saj i kan\u00eb ruajtur me p\u00ebrpikm\u00ebri traditat shqiptare.<\/p>\n<p>Megjithat\u00eb s\u00eb fundmi ajo u ka b\u00ebr\u00eb nj\u00eb kritik\u00eb publike gjith\u00eb shqiptar\u00ebve dhe mund t\u00eb themi se Bebe ka plot\u00ebsisht t\u00eb drejt\u00eb.<\/p>\n<p>K\u00ebng\u00ebtarja ka publikuar n\u00eb \u2018Instagram\u2019 disa video n\u00eb t\u00eb cilat d\u00ebgjohet teksa thot\u00eb: \u201cUn\u00eb e dashuroj kultur\u00ebn time. Un\u00eb jam nga Shqip\u00ebria dhe un\u00eb e dashuroj, sepse me t\u00eb u rrita. Por ndonj\u00ebher\u00eb shqiptar\u00ebt nuk ndihmojn\u00eb n\u00eb rritjen e nj\u00ebri-tjetrit. Ndonj\u00ebher\u00eb lexoj komentet n\u00eb \u2018Instagram\u2019 dhe komentet n\u00eb \u2018Instagram-in\u2019 tim jan\u00eb shum\u00eb t\u00eb k\u00ebqija.<\/p>\n<p>Kjo m\u00eb konfuzon, sepse mendoj a duhet ta rrisim dhe mb\u00ebshtesim nj\u00ebri-tjetrin? T\u00eb gjith\u00eb jan\u00eb shum\u00eb kritik\u00eb. Un\u00eb mendoj se si kultur\u00eb kemi nevoj\u00eb p\u00ebr m\u00eb shum\u00eb dashuri, nj\u00ebsoj si kulturat e tjera, t\u00eb mb\u00ebshtesim nj\u00ebri-tjetrin dhe t\u00eb jemi krenar\u00eb p\u00ebr nj\u00ebri-tjetrin\u201d.<\/p>\n<p>M\u00eb tej ajo ka vazhduar duke th\u00ebn\u00eb se megjithat\u00eb ka shum\u00eb fansa dhe miq shqiptar\u00eb q\u00eb e mb\u00ebshtesin dhe ndjehen krenare p\u00ebr t\u00eb.<\/p>\n<p>\u201cNuk po them se asnj\u00eb nuk mb\u00ebshtet, sepse un\u00eb i shoh njer\u00ebzit, kam fansa dhe miq shqiptar\u00eb q\u00eb m\u00eb duan mua dhe m\u00eb mb\u00ebshtesin dhe m\u00eb thon\u00eb q\u00eb jan\u00eb krenar\u00eb. Por thjesht dhemb kur shikon njer\u00ebzit e tu q\u00eb thon\u00eb gj\u00ebra t\u00eb k\u00ebqija p\u00ebr ty\u201d, \u00ebsht\u00eb shprehur k\u00ebng\u00ebtarja.<\/p>\n<p>&nbsp;<\/p>\n","protected":false},"excerpt":{"rendered":"<p>Bebe Rexha ka treguar shpesh se \u00ebsht\u00eb shum\u00eb krenare p\u00ebr origjin\u00ebn e saj dhe nuk ka l\u00ebn\u00eb rast pa e th\u00ebn\u00eb k\u00ebt\u00eb gj\u00eb. Pavar\u00ebsisht se \u00ebsht\u00eb rritur n\u00eb Amerik\u00eb ajo dhe familja e saj i kan\u00eb ruajtur me p\u00ebrpikm\u00ebri traditat shqiptare. Megjithat\u00eb s\u00eb fundmi ajo u ka b\u00ebr\u00eb nj\u00eb kritik\u00eb publike gjith\u00eb shqiptar\u00ebve dhe mund [&hellip;]<\/p>\n","protected":false},"author":2013,"featured_media":62188,"comment_status":"open","ping_status":"closed","sticky":false,"template":"","format":"standard","meta":{"footnotes":""},"categories":[241,193],"tags":[],"class_list":{"0":"post-83704","1":"post","2":"type-post","3":"status-publish","4":"format-standard","5":"has-post-thumbnail","7":"category-aktualitet","8":"category-showbiz"},"_links":{"self":[{"href":"https:\/\/zjarr.tv\/sq\/wp-json\/wp\/v2\/posts\/83704","targetHints":{"allow":["GET"]}}],"collection":[{"href":"https:\/\/zjarr.tv\/sq\/wp-json\/wp\/v2\/posts"}],"about":[{"href":"https:\/\/zjarr.tv\/sq\/wp-json\/wp\/v2\/types\/post"}],"author":[{"embeddable":true,"href":"https:\/\/zjarr.tv\/sq\/wp-json\/wp\/v2\/users\/2013"}],"replies":[{"embeddable":true,"href":"https:\/\/zjarr.tv\/sq\/wp-json\/wp\/v2\/comments?post=83704"}],"version-history":[{"count":0,"href":"https:\/\/zjarr.tv\/sq\/wp-json\/wp\/v2\/posts\/83704\/revisions"}],"wp:featuredmedia":[{"embeddable":true,"href":"https:\/\/zjarr.tv\/sq\/wp-json\/wp\/v2\/media\/62188"}],"wp:attachment":[{"href":"https:\/\/zjarr.tv\/sq\/wp-json\/wp\/v2\/media?parent=83704"}],"wp:term":[{"taxonomy":"category","embeddable":true,"href":"https:\/\/zjarr.tv\/sq\/wp-json\/wp\/v2\/categories?post=83704"},{"taxonomy":"post_tag","embeddable":true,"href":"https:\/\/zjarr.tv\/sq\/wp-json\/wp\/v2\/tags?post=83704"}],"curies":[{"name":"wp","href":"https:\/\/api.w.org\/{rel}","templated":true}]}}