{"id":83706,"date":"2019-05-12T16:50:01","date_gmt":"2019-05-12T14:50:01","guid":{"rendered":"https:\/\/zjarr.tv\/?p=83706"},"modified":"2019-05-12T16:50:01","modified_gmt":"2019-05-12T14:50:01","slug":"ps-zyrtarizon-kandidatin-per-kryebashkiak-ne-selenice","status":"publish","type":"post","link":"https:\/\/zjarr.tv\/sq\/ps-zyrtarizon-kandidatin-per-kryebashkiak-ne-selenice\/","title":{"rendered":"PS zyrtarizon kandidatin p\u00ebr kryebashkiak n\u00eb Selenic\u00eb"},"content":{"rendered":"<p>PS ka zyrtarizuar kandidatur\u00ebn e P\u00ebllumb Binajt p\u00ebr kryetar t\u00eb bashkis\u00eb n\u00eb Selenic\u00eb.<\/p>\n<p>Mbeten ende pa u vendosur bashkia e Hasit dhe Peqinit.<\/p>\n<p>ELBASAN<\/p>\n<p>1.Elbasan \u00a0 \u00a0Gledian Llatja<br \/>\n2.Belsh \u00a0 \u00a0 \u00a0 Arif Tafani<br \/>\n3.C\u00ebrrik \u00a0 \u00a0 \u00a0 Andi Salla<br \/>\n4.Gramsh \u00a0 \u00a0Klodian Ta\u00e7e<br \/>\n5.Librazhd \u00a0 Kastriot Gurra<br \/>\n6.Peqin \u00a0 \u00a0 \u00a0 \u00a0? (Nuk eshte vendosur)<br \/>\n7.P\u00ebrrenjas \u00a0 Nuri Belba<\/p>\n<p>FIER<\/p>\n<p>1.Fier \u00a0 \u00a0 \u00a0 \u00a0 \u00a0Armando Subashi<br \/>\n2.Lushnj\u00eb \u00a0 \u00a0Fatos Tushe<br \/>\n3.Divjak\u00eb \u00a0 \u00a0Fredi Kokoneshi<br \/>\n4.Patos \u00a0 \u00a0 \u00a0 Rajmonda Balilaj<br \/>\n5.Mallakast\u00ebr Qerim Ismaili<br \/>\n6.Roskovec \u00a0 Majlinda Bufi<\/p>\n<p>GJIROKAST\u00cbR<\/p>\n<p>1.Gjirokast\u00ebr \u00a0Flamur Golemi<br \/>\n2.Tepelen\u00eb \u00a0 \u00a0 T\u00ebrmet Pe\u00e7i<br \/>\n3.K\u00eblcyr\u00eb \u00a0 \u00a0 \u00a0 \u00a0Klemend Ndoni<br \/>\n4.Libohov\u00eb \u00a0 \u00a0 Luiza Mandi?<br \/>\n5.Memaliaj \u00a0 \u00a0E pap\u00ebrcaktuar<br \/>\n6.P\u00ebrmet \u00a0 \u00a0 \u00a0 \u00a0 Alma Hoxha<br \/>\n7.Dropull \u00a0 \u00a0 \u00a0 \u00a0Dhimit\u00ebr Tola<\/p>\n<p>SHKOD\u00cbR<\/p>\n<p>1.Shkod\u00ebr \u00a0 \u00a0 \u00a0 \u00a0Valdrin Pjetri<br \/>\n2.Fush\u00eb-Arr\u00ebz \u00a0Fran Tu\u00e7i<br \/>\n3.Mal\u00ebsi e Madhe Tonin Marinaj<br \/>\n4.Puk\u00eb \u00a0 \u00a0 \u00a0 \u00a0 \u00a0 \u00a0 \u00a0 \u00a0Gjon Gjoni<br \/>\n5.Vau i Dej\u00ebs \u00a0 \u00a0Mark Babani<\/p>\n<p>DURR\u00cbS<\/p>\n<p>1.Durr\u00ebs \u00a0 \u00a0 \u00a0Valbona Sako<br \/>\n2.Kruj\u00eb \u00a0 \u00a0 \u00a0 \u00a0 Artur Bushi<br \/>\n3.Shijak \u00a0 \u00a0 \u00a0 \u00a0Elton Arbana<\/p>\n<p>LEZH\u00cb<\/p>\n<p>1.Lezh\u00eb \u00a0 \u00a0 \u00a0 Pjerin Ndreu<br \/>\n2.Kurbin \u00a0 \u00a0 \u00a0Majlinda Cara<br \/>\n3.Mirdit\u00eb \u00a0 \u00a0 Ndrec Deda<\/p>\n<p>BERAT<\/p>\n<p>1.Berat \u00a0 \u00a0 \u00a0 \u00a0Ervin Demo<br \/>\n2.Ku\u00e7ov\u00eb \u00a0 \u00a0 Sybi Shehu<br \/>\n3.Poli\u00e7an \u00a0 Adriatik Zotkaj<br \/>\n4.Skrapar \u00a0Adriatik Mema<br \/>\n5.Ura Vajgurore Juliana \u00a0Memaj<\/p>\n<p>TIRAN\u00cb<\/p>\n<p>1.Tiran\u00eb \u00a0 \u00a0 \u00a0Erjon Veliaj<br \/>\n2.Vor\u00eb \u00a0 \u00a0 \u00a0 \u00a0Agim Kajmaku<br \/>\n3.Kam\u00ebz \u00a0 \u00a0 Rakip Suli<br \/>\n4.Kavaj\u00eb \u00a0 \u00a0 Redi Kraja<br \/>\n5.Rrogozhin\u00eb Haxhi Memolla<\/p>\n<p>KORC\u00cb<\/p>\n<p>1.Kor\u00e7\u00eb \u00a0 \u00a0 \u00a0 Sotiraq Filo<br \/>\n2.Devoll \u00a0 \u00a0E pap\u00ebrcaktuar<br \/>\n3.Kolonj\u00eb \u00a0 Erjon Isai<br \/>\n4.Maliq \u00a0 \u00a0 \u00a0G\u00ebzim Top\u00e7iu<br \/>\n5.Pogradec Ilir Xhakolli<br \/>\n6.Pustec \u00a0 \u00a0e papercaktuar<\/p>\n<p>KUK\u00cbS<\/p>\n<p>1.Has \u00a0 \u00a0 \u00a0 \u00a0 E pacaktuar flitet per Liman Morina<br \/>\n2.Kuk\u00ebs \u00a0 \u00a0 \u00a0 Safet Gjici<br \/>\n3.Tropoj\u00eb \u00a0 \u00a0Rexh\u00eb Biberaj<\/p>\n<p>DIB\u00cbR<\/p>\n<p>1.Bulqiz\u00eb \u00a0 \u00a0Lefter Alla<br \/>\n2.Dib\u00ebr \u00a0 \u00a0 \u00a0 Dionis Imeraj<br \/>\n3.Klos \u00a0 \u00a0 \u00a0 \u00a0 llmi Hoxha<br \/>\n4.Mat \u00a0 \u00a0 \u00a0 \u00a0 \u00a0Agron Malaj<\/p>\n<p>VLOR\u00cb<\/p>\n<p>1.Vlor\u00eb \u00a0 \u00a0 \u00a0 \u00a0Dritan Leli<br \/>\n2.Konispol \u00a0 Shuaip Beqiri<br \/>\n3. Sarand\u00eb \u00a0 Ardian Gurma<br \/>\n4. Selenic\u00eb \u00a0P\u00ebllumb Binaj<br \/>\n5. Delvin\u00eb \u00a0Majlinda Qilimi<br \/>\n6. Himar\u00eb \u00a0Jorgo Goro<br \/>\n7. Finiq Kristo Ki\u00e7o<\/p>\n<p>&nbsp;<\/p>\n","protected":false},"excerpt":{"rendered":"<p>PS ka zyrtarizuar kandidatur\u00ebn e P\u00ebllumb Binajt p\u00ebr kryetar t\u00eb bashkis\u00eb n\u00eb Selenic\u00eb. Mbeten ende pa u vendosur bashkia e Hasit dhe Peqinit. ELBASAN 1.Elbasan \u00a0 \u00a0Gledian Llatja 2.Belsh \u00a0 \u00a0 \u00a0 Arif Tafani 3.C\u00ebrrik \u00a0 \u00a0 \u00a0 Andi Salla 4.Gramsh \u00a0 \u00a0Klodian Ta\u00e7e 5.Librazhd \u00a0 Kastriot Gurra 6.Peqin \u00a0 \u00a0 \u00a0 \u00a0? (Nuk eshte [&hellip;]<\/p>\n","protected":false},"author":2013,"featured_media":30694,"comment_status":"open","ping_status":"closed","sticky":false,"template":"","format":"standard","meta":{"footnotes":""},"categories":[241,235],"tags":[],"class_list":{"0":"post-83706","1":"post","2":"type-post","3":"status-publish","4":"format-standard","5":"has-post-thumbnail","7":"category-aktualitet","8":"category-vendi"},"_links":{"self":[{"href":"https:\/\/zjarr.tv\/sq\/wp-json\/wp\/v2\/posts\/83706","targetHints":{"allow":["GET"]}}],"collection":[{"href":"https:\/\/zjarr.tv\/sq\/wp-json\/wp\/v2\/posts"}],"about":[{"href":"https:\/\/zjarr.tv\/sq\/wp-json\/wp\/v2\/types\/post"}],"author":[{"embeddable":true,"href":"https:\/\/zjarr.tv\/sq\/wp-json\/wp\/v2\/users\/2013"}],"replies":[{"embeddable":true,"href":"https:\/\/zjarr.tv\/sq\/wp-json\/wp\/v2\/comments?post=83706"}],"version-history":[{"count":0,"href":"https:\/\/zjarr.tv\/sq\/wp-json\/wp\/v2\/posts\/83706\/revisions"}],"wp:featuredmedia":[{"embeddable":true,"href":"https:\/\/zjarr.tv\/sq\/wp-json\/wp\/v2\/media\/30694"}],"wp:attachment":[{"href":"https:\/\/zjarr.tv\/sq\/wp-json\/wp\/v2\/media?parent=83706"}],"wp:term":[{"taxonomy":"category","embeddable":true,"href":"https:\/\/zjarr.tv\/sq\/wp-json\/wp\/v2\/categories?post=83706"},{"taxonomy":"post_tag","embeddable":true,"href":"https:\/\/zjarr.tv\/sq\/wp-json\/wp\/v2\/tags?post=83706"}],"curies":[{"name":"wp","href":"https:\/\/api.w.org\/{rel}","templated":true}]}}