{"id":83708,"date":"2019-05-12T16:53:10","date_gmt":"2019-05-12T14:53:10","guid":{"rendered":"https:\/\/zjarr.tv\/?p=83708"},"modified":"2019-05-12T16:53:10","modified_gmt":"2019-05-12T14:53:10","slug":"ish-kryeministri-reagon-pas-konferences-se-rames","status":"publish","type":"post","link":"https:\/\/zjarr.tv\/sq\/ish-kryeministri-reagon-pas-konferences-se-rames\/","title":{"rendered":"Ish-kryeministri reagon pas konferenc\u00ebs s\u00eb Ram\u00ebs"},"content":{"rendered":"<p>I posht\u00ebruar, i tmerruar, i droguar dhe n\u00eb panik e me poture t\u00eb mbushura Edvini i la gazetar\u00ebt pa drek\u00eb!<\/p>\n<p>K\u00ebshtu e quan konferenc\u00ebn p\u00ebr shtyp t\u00eb kryeministrit Edi Rama ish kryeministri Sali Berisha.<\/p>\n<p>P\u00ebrmes nj\u00eb postimi n\u00eb Facebook, Berisha shprehet se, Rama si zakonisht nuk harroi refrenin e tij bajat se p\u00ebr \u00e7do \u00e7\u00ebshtje fajin e ka Saliu.<\/p>\n<p><strong>Postimi i plot\u00eb i Berish\u00ebs:<\/strong><\/p>\n<p>I poshteruar, i tmerruar, i droguar dhe ne panik e me poture te mbushura Edvini i la gazetaret pa dreke!<\/p>\n<p>Miq, ne disa ore para mediave i poshteruar, i tmerruar, por qartesisht i droguar dhe me poture te mbushura, Edvin Kristaq Krimi mbajti sot ore te tera dhe i la pa dreke gazetaret qe kishte thirrur per gjoja konference shtypi.<\/p>\n<p>Ne daljen e tij katastrofale, ne te cilen per shkak te kokaines kishte edhe deri ne 30-40 levizje horizontale te globeve, kokerdhokeve te syve, Rama\u00a0gajasi gazetaret ku u tha se Berisha deshi te me fuste nje plumb ne koke me 21 Janar dhe se ate dite qe ai solli si mish per top njerezit per te mbajtur fjalim nga ballkoni i kryeministrise sipas tij nuk eshte hedhur as dhe nje guri\u00e7ke drejt nderteses se kryeministrise.<\/p>\n<p>Ai, i tmerruar nga kryengritesit guximtare u tha gazetareve se pergjimet qe faktojne pla\u00e7kitjen e votave me bandat kriminale ne komunikim direkt personalisht me te, Gjiknurin dhe Tahirin, Ballen dhe Gjushin etj, nuk jane prova si dhe shpalli pafajesine e Tahirit nga tmerri per te deshmuar se eshte peng i tij.<\/p>\n<p>Rama si zakonisht nuk harroi refrenin e tij bajat se per \u00e7do \u00e7eshtje fajin e ka Saliu.<\/p>\n<p>Me kete rast nuk kam asnje koment tjeter ve\u00e7se: Edvin dje ke pare vetem fillimin. Mjere tij per fundin e shpejte te tmerrshem qe do te te rezervojne ata njerez te ndershem dhe trima qe ti si rruga\u00e7 ordiner dhe i tmerruar nga vjedhjet, trafiqet, korrupsioni dhe sarajet e Surrelit i cilesove huligane vetem se ata protestojne sepse ti iu ke shkaterruar te ardhmen. Rama ik. Fitore! sb<\/p>\n<p>&nbsp;<\/p>\n","protected":false},"excerpt":{"rendered":"<p>I posht\u00ebruar, i tmerruar, i droguar dhe n\u00eb panik e me poture t\u00eb mbushura Edvini i la gazetar\u00ebt pa drek\u00eb! K\u00ebshtu e quan konferenc\u00ebn p\u00ebr shtyp t\u00eb kryeministrit Edi Rama ish kryeministri Sali Berisha. P\u00ebrmes nj\u00eb postimi n\u00eb Facebook, Berisha shprehet se, Rama si zakonisht nuk harroi refrenin e tij bajat se p\u00ebr \u00e7do \u00e7\u00ebshtje [&hellip;]<\/p>\n","protected":false},"author":2013,"featured_media":66422,"comment_status":"open","ping_status":"closed","sticky":false,"template":"","format":"standard","meta":{"footnotes":""},"categories":[241,235],"tags":[],"class_list":{"0":"post-83708","1":"post","2":"type-post","3":"status-publish","4":"format-standard","5":"has-post-thumbnail","7":"category-aktualitet","8":"category-vendi"},"_links":{"self":[{"href":"https:\/\/zjarr.tv\/sq\/wp-json\/wp\/v2\/posts\/83708","targetHints":{"allow":["GET"]}}],"collection":[{"href":"https:\/\/zjarr.tv\/sq\/wp-json\/wp\/v2\/posts"}],"about":[{"href":"https:\/\/zjarr.tv\/sq\/wp-json\/wp\/v2\/types\/post"}],"author":[{"embeddable":true,"href":"https:\/\/zjarr.tv\/sq\/wp-json\/wp\/v2\/users\/2013"}],"replies":[{"embeddable":true,"href":"https:\/\/zjarr.tv\/sq\/wp-json\/wp\/v2\/comments?post=83708"}],"version-history":[{"count":0,"href":"https:\/\/zjarr.tv\/sq\/wp-json\/wp\/v2\/posts\/83708\/revisions"}],"wp:featuredmedia":[{"embeddable":true,"href":"https:\/\/zjarr.tv\/sq\/wp-json\/wp\/v2\/media\/66422"}],"wp:attachment":[{"href":"https:\/\/zjarr.tv\/sq\/wp-json\/wp\/v2\/media?parent=83708"}],"wp:term":[{"taxonomy":"category","embeddable":true,"href":"https:\/\/zjarr.tv\/sq\/wp-json\/wp\/v2\/categories?post=83708"},{"taxonomy":"post_tag","embeddable":true,"href":"https:\/\/zjarr.tv\/sq\/wp-json\/wp\/v2\/tags?post=83708"}],"curies":[{"name":"wp","href":"https:\/\/api.w.org\/{rel}","templated":true}]}}