{"id":83710,"date":"2019-05-12T16:57:24","date_gmt":"2019-05-12T14:57:24","guid":{"rendered":"https:\/\/zjarr.tv\/?p=83710"},"modified":"2019-05-12T16:57:24","modified_gmt":"2019-05-12T14:57:24","slug":"rreshje-shiu-pa-pushim-paralajmerimi-e-gjithe-shqiperia-rrezikohet-nga-permbytjet","status":"publish","type":"post","link":"https:\/\/zjarr.tv\/sq\/rreshje-shiu-pa-pushim-paralajmerimi-e-gjithe-shqiperia-rrezikohet-nga-permbytjet\/","title":{"rendered":"Rreshje shiu pa pushim, paralajm\u00ebrimi: E gjith\u00eb Shqip\u00ebria rrezikohet nga p\u00ebrmbytjet"},"content":{"rendered":"<p>Rreshje t\u00eb dendura shiu pa pushim do t\u00eb vijojn\u00eb t\u00eb pushtojn\u00eb gjith\u00eb territorin e vendit duke shkaktuar p\u00ebrmbytje t\u00eb m\u00ebdha.<\/p>\n<p>Sh\u00ebrbimi Meteorologjik Meteoalb, paralajm\u00ebroi pak minuta m\u00eb par\u00eb se n\u00eb vijim t\u00eb dit\u00ebs s\u00eb sotme, nes\u00ebr por edhe n\u00eb vijim rreshjet e shiut nuk do t\u00eb ndalen duke rrezikuar p\u00ebrmbytje n\u00eb gjith\u00eb vendin.<\/p>\n<p>Sipas Meteoalb,\u00a0 rreshjet e dit\u00ebs s\u00eb nes\u00ebrme do t\u00eb shkaktojn\u00eb p\u00ebrmbytje n\u00eb disa qarqe t\u00eb vendit.<\/p>\n<p>Nd\u00ebrkoh\u00eb sipas t\u00eb dh\u00ebnave meteorologjike t\u00eb motit e gjith\u00eb java q\u00eb vjen do t\u00eb karakterizohet nga temperatura ul\u00ebta dhe rreshje t\u00eb dendura shiu.<\/p>\n<p><strong>Paralajm\u00ebrimi p\u00ebr P\u00ebrmbytje dhe Zonat e Rrezikuara \u00a0<\/strong><\/p>\n<p>E gjith\u00eb Shqip\u00ebria rrezikohet nga p\u00ebrmbytjet. Sipas Meteoalb nga Shkodra e deri Vlor\u00eb e Sarand\u00eb, rreshjet e dendura t\u00eb shiut do t\u00eb shkaktojn\u00eb p\u00ebrmbytje.<\/p>\n<p>\u201cMOTI NE VIJIM: sot vijon me shira t\u00eb dob\u00ebt dhe mesatar\u00eb n\u00eb t\u00eb gjith\u00eb vendin. N\u00eb mbr\u00ebmje dhe gjat\u00eb nat\u00ebs, por edhe t\u00eb pjes\u00ebn m\u00eb t\u00eb madhe t\u00eb dit\u00ebs s\u00eb h\u00ebn\u00eb, shirat mbeten mesatare deri intensive n\u00eb pjes\u00ebn m\u00eb t\u00eb madhe t\u00eb territorit.<\/p>\n<p>Kjo situat\u00eb sinoptike do t\u00eb vijoj\u00eb edhe pjes\u00ebn m\u00eb t\u00eb madhe t\u00eb dit\u00ebs s\u00eb h\u00ebn\u00eb. Rrjedhimisht, Shkodra, Lezha, Fush\u00eb-Kruja, Tirana, Durr\u00ebsi, Elbasani, Lushnja, Fieri por akoma m\u00eb tep\u00ebr zonat urbane n\u00eb ekstremin Jugor si Vlora, Gjirokastra, dhe Saranda nga sonte gjat\u00eb nat\u00ebs dhe deri pasditen e s\u00eb h\u00ebn\u00ebs rrezikojn\u00eb p\u00ebrmbytje lokale (jo i gjith\u00eb qyteti). Neser rrezikohen edhe qytete apo zona lokale n\u00eb Juglindje t\u00eb vendit\u201d thuhet n\u00eb njoftimin e Meteoalb.<\/p>\n<p><strong>Vjeshta e Vog\u00ebl n\u00eb Mes t\u00eb Pranver\u00ebs<\/strong><\/p>\n<p>Ndon\u00ebse pritej q\u00eb muaji Maj t\u00eb shoq\u00ebrohej me rritje temperaturash dhe mot t\u00eb kthjell\u00ebt, k\u00ebto dy jav\u00eb t\u00eb para t\u00eb tij kan\u00eb qen\u00eb nj\u00eb vjesht\u00eb e vog\u00ebl Brenda stin\u00ebs s\u00eb pranver\u00ebs, karakterizuar nga rreshjet e shiut dhe temperature t\u00eb ul\u00ebta gjithashtu.<\/p>\n<p>Sipas t\u00eb dh\u00ebnave meteorologjike, t\u00eb cilave u referohet AgroWeb.org moti do t\u00eb p\u00ebrmir\u00ebsohet fundin e jav\u00ebs q\u00eb vjen, ku temperaturat pritet t\u00eb rriten dhe moti do t\u00eb jet\u00eb i kthjell\u00ebt.<\/p>\n<p>&nbsp;<\/p>\n","protected":false},"excerpt":{"rendered":"<p>Rreshje t\u00eb dendura shiu pa pushim do t\u00eb vijojn\u00eb t\u00eb pushtojn\u00eb gjith\u00eb territorin e vendit duke shkaktuar p\u00ebrmbytje t\u00eb m\u00ebdha. Sh\u00ebrbimi Meteorologjik Meteoalb, paralajm\u00ebroi pak minuta m\u00eb par\u00eb se n\u00eb vijim t\u00eb dit\u00ebs s\u00eb sotme, nes\u00ebr por edhe n\u00eb vijim rreshjet e shiut nuk do t\u00eb ndalen duke rrezikuar p\u00ebrmbytje n\u00eb gjith\u00eb vendin. Sipas Meteoalb,\u00a0 [&hellip;]<\/p>\n","protected":false},"author":2013,"featured_media":79148,"comment_status":"open","ping_status":"closed","sticky":false,"template":"","format":"standard","meta":{"footnotes":""},"categories":[241,235],"tags":[],"class_list":{"0":"post-83710","1":"post","2":"type-post","3":"status-publish","4":"format-standard","5":"has-post-thumbnail","7":"category-aktualitet","8":"category-vendi"},"_links":{"self":[{"href":"https:\/\/zjarr.tv\/sq\/wp-json\/wp\/v2\/posts\/83710","targetHints":{"allow":["GET"]}}],"collection":[{"href":"https:\/\/zjarr.tv\/sq\/wp-json\/wp\/v2\/posts"}],"about":[{"href":"https:\/\/zjarr.tv\/sq\/wp-json\/wp\/v2\/types\/post"}],"author":[{"embeddable":true,"href":"https:\/\/zjarr.tv\/sq\/wp-json\/wp\/v2\/users\/2013"}],"replies":[{"embeddable":true,"href":"https:\/\/zjarr.tv\/sq\/wp-json\/wp\/v2\/comments?post=83710"}],"version-history":[{"count":0,"href":"https:\/\/zjarr.tv\/sq\/wp-json\/wp\/v2\/posts\/83710\/revisions"}],"wp:featuredmedia":[{"embeddable":true,"href":"https:\/\/zjarr.tv\/sq\/wp-json\/wp\/v2\/media\/79148"}],"wp:attachment":[{"href":"https:\/\/zjarr.tv\/sq\/wp-json\/wp\/v2\/media?parent=83710"}],"wp:term":[{"taxonomy":"category","embeddable":true,"href":"https:\/\/zjarr.tv\/sq\/wp-json\/wp\/v2\/categories?post=83710"},{"taxonomy":"post_tag","embeddable":true,"href":"https:\/\/zjarr.tv\/sq\/wp-json\/wp\/v2\/tags?post=83710"}],"curies":[{"name":"wp","href":"https:\/\/api.w.org\/{rel}","templated":true}]}}