{"id":83715,"date":"2019-05-12T17:00:40","date_gmt":"2019-05-12T15:00:40","guid":{"rendered":"https:\/\/zjarr.tv\/?p=83715"},"modified":"2019-05-12T17:00:40","modified_gmt":"2019-05-12T15:00:40","slug":"manjani-rames-ik-sa-je-ne-kohe-ne-2017-e-more-me-marreveshje-jo-me-vote","status":"publish","type":"post","link":"https:\/\/zjarr.tv\/sq\/manjani-rames-ik-sa-je-ne-kohe-ne-2017-e-more-me-marreveshje-jo-me-vote\/","title":{"rendered":"Manjani-Ram\u00ebs\/ Ik sa je n\u00eb koh\u00eb. N\u00eb 2017 e more me marr\u00ebveshje, jo me vot\u00eb"},"content":{"rendered":"<p>Ish-ministri i drejt\u00ebsis\u00eb, Ylli Manjani ka reaguar n\u00eb rrjetet sociale n\u00eb lidhje me deklaratat e b\u00ebra nga Edi Rama dit\u00ebn e sotme n\u00eb nj\u00eb konferenc\u00eb p\u00ebr shtyp.<\/p>\n<p><strong>Reagimi i plot\u00eb i Ylli Manjanit:<\/strong><\/p>\n<p><em>K\u00ebshill\u00eb<\/em><\/p>\n<p><em>\u2014\u2014\u2014<\/em><\/p>\n<p><em>Un\u00eb jam dakord , Ti (Rama) nuk je si ata (Basha e Berisha).<\/em><\/p>\n<p><em>Po p\u00ebr at\u00eb q\u00eb je e b\u00ebn Ik!<\/em><\/p>\n<p><em>Ik se s\u2019mbahet karrigia me polic\u00eb, p\u00ebr asnj\u00eb sekond\u00eb!<\/em><\/p>\n<p><em>B\u00ebj aq sa i sugjeroje publikisht dikur Fatos Nanos.<\/em><\/p>\n<p><em>As ata t\u00eb dy, q\u00eb jan\u00eb \u201ct\u00eb k\u00ebqinjt\u00eb\u201d nuk e mbajt\u00ebn dot, as me arm\u00eb zjarri\u2026<\/em><\/p>\n<p><em>Shpalli ato zgjedhje dhe lejo popullin t\u00eb tregoj\u00eb me vot\u00eb n\u00ebse e meriton at\u00eb karrige, apo jo. Aty jan\u00eb shifrat e v\u00ebrteta t\u00eb pjes\u00ebmarrjes.<\/em><\/p>\n<p><em>N\u00eb votimin politik do marr\u00ebsh vesh se si \u201carsyeton\u201d populli. Jo n\u00eb rrug\u00eb, as n\u00eb shesh t\u00eb mbushur kriminalisht me provokator\u00eb dhe gaz lotsjell\u00ebs.<\/em><\/p>\n<p><em>Sa m\u00eb shpejt ta b\u00ebsh, m\u00eb shum\u00eb shance do kesh. M\u00eb von\u00eb m\u00eb keq p\u00ebr Ty\u2026<\/em><\/p>\n<p><em>N\u00eb 2017 e more me marr\u00ebveshje, jo me vot\u00eb.<\/em><\/p>\n<p><em>Mos e harro k\u00ebt\u00eb gj\u00eb!<\/em><\/p>\n<p>&nbsp;<\/p>\n","protected":false},"excerpt":{"rendered":"<p>Ish-ministri i drejt\u00ebsis\u00eb, Ylli Manjani ka reaguar n\u00eb rrjetet sociale n\u00eb lidhje me deklaratat e b\u00ebra nga Edi Rama dit\u00ebn e sotme n\u00eb nj\u00eb konferenc\u00eb p\u00ebr shtyp. Reagimi i plot\u00eb i Ylli Manjanit: K\u00ebshill\u00eb \u2014\u2014\u2014 Un\u00eb jam dakord , Ti (Rama) nuk je si ata (Basha e Berisha). Po p\u00ebr at\u00eb q\u00eb je e b\u00ebn [&hellip;]<\/p>\n","protected":false},"author":2013,"featured_media":57749,"comment_status":"open","ping_status":"closed","sticky":false,"template":"","format":"standard","meta":{"footnotes":""},"categories":[241,235],"tags":[],"class_list":{"0":"post-83715","1":"post","2":"type-post","3":"status-publish","4":"format-standard","5":"has-post-thumbnail","7":"category-aktualitet","8":"category-vendi"},"_links":{"self":[{"href":"https:\/\/zjarr.tv\/sq\/wp-json\/wp\/v2\/posts\/83715","targetHints":{"allow":["GET"]}}],"collection":[{"href":"https:\/\/zjarr.tv\/sq\/wp-json\/wp\/v2\/posts"}],"about":[{"href":"https:\/\/zjarr.tv\/sq\/wp-json\/wp\/v2\/types\/post"}],"author":[{"embeddable":true,"href":"https:\/\/zjarr.tv\/sq\/wp-json\/wp\/v2\/users\/2013"}],"replies":[{"embeddable":true,"href":"https:\/\/zjarr.tv\/sq\/wp-json\/wp\/v2\/comments?post=83715"}],"version-history":[{"count":0,"href":"https:\/\/zjarr.tv\/sq\/wp-json\/wp\/v2\/posts\/83715\/revisions"}],"wp:featuredmedia":[{"embeddable":true,"href":"https:\/\/zjarr.tv\/sq\/wp-json\/wp\/v2\/media\/57749"}],"wp:attachment":[{"href":"https:\/\/zjarr.tv\/sq\/wp-json\/wp\/v2\/media?parent=83715"}],"wp:term":[{"taxonomy":"category","embeddable":true,"href":"https:\/\/zjarr.tv\/sq\/wp-json\/wp\/v2\/categories?post=83715"},{"taxonomy":"post_tag","embeddable":true,"href":"https:\/\/zjarr.tv\/sq\/wp-json\/wp\/v2\/tags?post=83715"}],"curies":[{"name":"wp","href":"https:\/\/api.w.org\/{rel}","templated":true}]}}