{"id":83717,"date":"2019-05-12T17:02:00","date_gmt":"2019-05-12T15:02:00","guid":{"rendered":"https:\/\/zjarr.tv\/?p=83717"},"modified":"2019-05-12T17:02:00","modified_gmt":"2019-05-12T15:02:00","slug":"meta-takon-pendarovskin-shqiptaret-promotore-te-rruges-europiane-te-maqedonise-se-veriut","status":"publish","type":"post","link":"https:\/\/zjarr.tv\/sq\/meta-takon-pendarovskin-shqiptaret-promotore-te-rruges-europiane-te-maqedonise-se-veriut\/","title":{"rendered":"Meta takon Pendarovskin: Shqiptar\u00ebt, promotor\u00eb t\u00eb rrug\u00ebs europiane t\u00eb Maqedonis\u00eb s\u00eb Veriut"},"content":{"rendered":"<p>Presidenti i Republik\u00ebs, \u00a0Ilir Meta mori pjes\u00eb n\u00eb ceremonin\u00eb zyrtare t\u00eb betimit t\u00eb Presidentit t\u00eb ri t\u00eb Republik\u00ebs s\u00eb Maqedonis\u00eb s\u00eb Veriut, \u00a0Stevo Pendarovski. Pas ceremonis\u00eb s\u00eb betimit, Presidenti Meta u prit n\u00eb nj\u00eb takim t\u00eb ve\u00e7ant\u00eb nga Presidenti Pendarovski, t\u00eb cilin e p\u00ebrg\u00ebzoi edhe nj\u00ebher\u00eb p\u00ebr fillimin e detyr\u00ebs.<\/p>\n<p>Gjat\u00eb takimit, Presidenti Meta vler\u00ebsoi mbylljen e suksesshme t\u00eb zgjedhjeve presidenciale n\u00eb Maqedonin\u00eb e Veriut, n\u00eb nj\u00eb frym\u00eb t\u00eb qet\u00eb dhe demokratike n\u00eb t\u00eb dy raundet, si dhe mesazhet dhe q\u00ebndrimin e Presidentit t\u00eb ri Pendarovksi si gjat\u00eb fushat\u00ebs, edhe pas p\u00ebrfundimit t\u00eb procesit elektoral.<\/p>\n<p><em>\u201cVler\u00ebsoj q\u00ebndrimin e Presidentit t\u00eb zgjedhur p\u00ebr nd\u00ebrtimin e nj\u00eb shoq\u00ebrie multi-etnike n\u00eb Maqedonin\u00eb e Veriut dhe ku asnj\u00eb popullsi apo komunitet nuk do t\u00eb ndihet i diskriminuar. N\u00eb ve\u00e7anti \u00e7moj rolin ky\u00e7 t\u00eb partive politike shqiptare n\u00eb proceset integruese t\u00eb Maqedonis\u00eb s\u00eb Veriut, q\u00eb u d\u00ebshmua dhe n\u00eb k\u00ebto zgjedhje. Shqiptar\u00ebt kan\u00eb treguar vazhdimisht q\u00eb jan\u00eb promotor\u00eb dhe mb\u00ebshtet\u00ebs t\u00eb fuqish\u00ebm t\u00eb rrug\u00ebs europiane dhe zhvillimit t\u00eb Maqedonis\u00eb s\u00eb Veriut. Edhe gjat\u00eb zgjedhjeve presidenciale, me mb\u00ebshtetjen e gjer\u00eb ndaj kandidatur\u00ebs s\u00eb Presidentit t\u00eb zgjedhur, ata treguan mb\u00ebshtetje ndaj rrug\u00ebs Euro-Atlantike dhe nd\u00ebrtimit t\u00eb nj\u00eb shoq\u00ebrie dhe shteti multi-etnik\u201d,<\/em>\u00a0\u2013 shtoi Presidenti Meta.<\/p>\n<p>M\u00eb tej, Kreu i Shtetit shprehu bindjen se Shqip\u00ebria do t\u00eb vazhdoj\u00eb t\u00eb jet\u00eb mikja m\u00eb e mir\u00eb e Maqedonis\u00eb s\u00eb Veriut, gjithmon\u00eb mb\u00ebshtet\u00ebse e progresit t\u00eb saj, q\u00eb prej pavar\u00ebsis\u00eb.<\/p>\n","protected":false},"excerpt":{"rendered":"<p>Presidenti i Republik\u00ebs, \u00a0Ilir Meta mori pjes\u00eb n\u00eb ceremonin\u00eb zyrtare t\u00eb betimit t\u00eb Presidentit t\u00eb ri t\u00eb Republik\u00ebs s\u00eb Maqedonis\u00eb s\u00eb Veriut, \u00a0Stevo Pendarovski. Pas ceremonis\u00eb s\u00eb betimit, Presidenti Meta u prit n\u00eb nj\u00eb takim t\u00eb ve\u00e7ant\u00eb nga Presidenti Pendarovski, t\u00eb cilin e p\u00ebrg\u00ebzoi edhe nj\u00ebher\u00eb p\u00ebr fillimin e detyr\u00ebs. Gjat\u00eb takimit, Presidenti Meta vler\u00ebsoi [&hellip;]<\/p>\n","protected":false},"author":2013,"featured_media":64681,"comment_status":"open","ping_status":"closed","sticky":false,"template":"","format":"standard","meta":{"footnotes":""},"categories":[241,235],"tags":[],"class_list":{"0":"post-83717","1":"post","2":"type-post","3":"status-publish","4":"format-standard","5":"has-post-thumbnail","7":"category-aktualitet","8":"category-vendi"},"_links":{"self":[{"href":"https:\/\/zjarr.tv\/sq\/wp-json\/wp\/v2\/posts\/83717","targetHints":{"allow":["GET"]}}],"collection":[{"href":"https:\/\/zjarr.tv\/sq\/wp-json\/wp\/v2\/posts"}],"about":[{"href":"https:\/\/zjarr.tv\/sq\/wp-json\/wp\/v2\/types\/post"}],"author":[{"embeddable":true,"href":"https:\/\/zjarr.tv\/sq\/wp-json\/wp\/v2\/users\/2013"}],"replies":[{"embeddable":true,"href":"https:\/\/zjarr.tv\/sq\/wp-json\/wp\/v2\/comments?post=83717"}],"version-history":[{"count":0,"href":"https:\/\/zjarr.tv\/sq\/wp-json\/wp\/v2\/posts\/83717\/revisions"}],"wp:featuredmedia":[{"embeddable":true,"href":"https:\/\/zjarr.tv\/sq\/wp-json\/wp\/v2\/media\/64681"}],"wp:attachment":[{"href":"https:\/\/zjarr.tv\/sq\/wp-json\/wp\/v2\/media?parent=83717"}],"wp:term":[{"taxonomy":"category","embeddable":true,"href":"https:\/\/zjarr.tv\/sq\/wp-json\/wp\/v2\/categories?post=83717"},{"taxonomy":"post_tag","embeddable":true,"href":"https:\/\/zjarr.tv\/sq\/wp-json\/wp\/v2\/tags?post=83717"}],"curies":[{"name":"wp","href":"https:\/\/api.w.org\/{rel}","templated":true}]}}