{"id":83722,"date":"2019-05-12T17:13:32","date_gmt":"2019-05-12T15:13:32","guid":{"rendered":"https:\/\/zjarr.tv\/?p=83722"},"modified":"2019-05-12T17:13:32","modified_gmt":"2019-05-12T15:13:32","slug":"basha-jetojme-ne-nje-vend-anormal","status":"publish","type":"post","link":"https:\/\/zjarr.tv\/sq\/basha-jetojme-ne-nje-vend-anormal\/","title":{"rendered":"Basha: Jetojm\u00eb n\u00eb nj\u00eb vend anormal"},"content":{"rendered":"<p>Nj\u00eb dit\u00eb pas protest\u00ebs, kreu i PD, Lulzim Basha doli n\u00eb nj\u00eb bashk\u00ebbisedim me gazetar\u00ebt, ku tha se vendi \u00ebsht\u00eb n\u00eb nj\u00eb situat\u00eb anormale.<\/p>\n<p><strong>Basha:<\/strong><em>\u00a0Jetojm\u00eb n\u00eb nj\u00eb vend anormal, me politik\u00eb anormale dhe me qeveri anormale. Pse ndodh kjo? Pse ndihen kaq t\u00eb shk\u00ebputur njer\u00ebzit nga qeveria dhe politikb\u00ebrja? Arsyeja \u00ebsht\u00eb filli q\u00eb i bashkon krizat e bashk\u00ebathdetar\u00ebve. \u00cbsht\u00eb humbja e drejt peshimit q\u00eb mban nj\u00eb shoq\u00ebri bashk\u00eb. Prej 6 vitesh vendi nuk qeveriset, por sundohet. Kriza politike \u00ebsht\u00eb fillesa e kriz\u00ebs kushtetuese dhe sociale q\u00eb po kalon vendi.<\/em><\/p>\n<p>&nbsp;<\/p>\n","protected":false},"excerpt":{"rendered":"<p>Nj\u00eb dit\u00eb pas protest\u00ebs, kreu i PD, Lulzim Basha doli n\u00eb nj\u00eb bashk\u00ebbisedim me gazetar\u00ebt, ku tha se vendi \u00ebsht\u00eb n\u00eb nj\u00eb situat\u00eb anormale. Basha:\u00a0Jetojm\u00eb n\u00eb nj\u00eb vend anormal, me politik\u00eb anormale dhe me qeveri anormale. Pse ndodh kjo? Pse ndihen kaq t\u00eb shk\u00ebputur njer\u00ebzit nga qeveria dhe politikb\u00ebrja? Arsyeja \u00ebsht\u00eb filli q\u00eb i bashkon [&hellip;]<\/p>\n","protected":false},"author":2013,"featured_media":56721,"comment_status":"open","ping_status":"closed","sticky":false,"template":"","format":"standard","meta":{"footnotes":""},"categories":[241,235],"tags":[],"class_list":{"0":"post-83722","1":"post","2":"type-post","3":"status-publish","4":"format-standard","5":"has-post-thumbnail","7":"category-aktualitet","8":"category-vendi"},"_links":{"self":[{"href":"https:\/\/zjarr.tv\/sq\/wp-json\/wp\/v2\/posts\/83722","targetHints":{"allow":["GET"]}}],"collection":[{"href":"https:\/\/zjarr.tv\/sq\/wp-json\/wp\/v2\/posts"}],"about":[{"href":"https:\/\/zjarr.tv\/sq\/wp-json\/wp\/v2\/types\/post"}],"author":[{"embeddable":true,"href":"https:\/\/zjarr.tv\/sq\/wp-json\/wp\/v2\/users\/2013"}],"replies":[{"embeddable":true,"href":"https:\/\/zjarr.tv\/sq\/wp-json\/wp\/v2\/comments?post=83722"}],"version-history":[{"count":0,"href":"https:\/\/zjarr.tv\/sq\/wp-json\/wp\/v2\/posts\/83722\/revisions"}],"wp:featuredmedia":[{"embeddable":true,"href":"https:\/\/zjarr.tv\/sq\/wp-json\/wp\/v2\/media\/56721"}],"wp:attachment":[{"href":"https:\/\/zjarr.tv\/sq\/wp-json\/wp\/v2\/media?parent=83722"}],"wp:term":[{"taxonomy":"category","embeddable":true,"href":"https:\/\/zjarr.tv\/sq\/wp-json\/wp\/v2\/categories?post=83722"},{"taxonomy":"post_tag","embeddable":true,"href":"https:\/\/zjarr.tv\/sq\/wp-json\/wp\/v2\/tags?post=83722"}],"curies":[{"name":"wp","href":"https:\/\/api.w.org\/{rel}","templated":true}]}}