{"id":83724,"date":"2019-05-12T17:17:05","date_gmt":"2019-05-12T15:17:05","guid":{"rendered":"https:\/\/zjarr.tv\/?p=83724"},"modified":"2019-05-12T17:17:05","modified_gmt":"2019-05-12T15:17:05","slug":"basha-paralajmeron-ramen-mos-i-kalo-caqet-do-lutesh-te-kesh-fatin-e-gruevskit","status":"publish","type":"post","link":"https:\/\/zjarr.tv\/sq\/basha-paralajmeron-ramen-mos-i-kalo-caqet-do-lutesh-te-kesh-fatin-e-gruevskit\/","title":{"rendered":"Basha paralajm\u00ebron Ram\u00ebn: Mos i kalo caqet, do lutesh t\u00eb kesh fatin e Gruevskit"},"content":{"rendered":"<p>Kreu i PD, Lulzim Basha ka paralajm\u00ebruar kryeministrin Rama q\u00eb mos b\u00ebj\u00eb t\u00eb fortin. N\u00eb nj\u00eb bashk\u00ebbisedim me gazetar\u00ebt, ai tha se Rama, do t\u00eb lutet t\u00eb ket\u00eb fatin e Gruevskit.<\/p>\n<p><strong>Basha:<\/strong><em>\u00a0Edi Ram\u00ebn e ka mundur lodhja, pushteti, zullumi dhe varf\u00ebria e \u00a0popullit, e ka mundur arroganca. Sot un\u00eb dhe PD e gjith\u00eb opozita jemi nisur p\u00ebr t\u00eb rikthyer normalitetin politik n\u00eb vend, p\u00ebr t\u00eb rikthyer demokracin\u00eb dhe shpres\u00ebn e k\u00ebtij vendi. \u00a0Sot or\u00eb, pas dram\u00ebs s\u00eb mbr\u00ebmshme, dhun\u00ebs s\u00eb par\u00eb kund\u00ebr opozitar\u00ebve dhe n\u00eb prag t\u00eb protest\u00ebs komb\u00ebtare t\u00eb thirrur nes\u00ebr dua ti b\u00ebj nj\u00eb paralajm\u00ebrim Ram\u00ebs. Mos i kalo caqet, mos b\u00ebj t\u00eb fortin. Harroje se do t\u00eb mbash \u00a0pushtet me dhun\u00eb. N\u00eb rastin m\u00eb t\u00eb mir\u00eb do t\u00eb lutesh t\u00eb kesh fatin e Nikola Gruevskit.<\/em><\/p>\n<p>&nbsp;<\/p>\n","protected":false},"excerpt":{"rendered":"<p>Kreu i PD, Lulzim Basha ka paralajm\u00ebruar kryeministrin Rama q\u00eb mos b\u00ebj\u00eb t\u00eb fortin. N\u00eb nj\u00eb bashk\u00ebbisedim me gazetar\u00ebt, ai tha se Rama, do t\u00eb lutet t\u00eb ket\u00eb fatin e Gruevskit. Basha:\u00a0Edi Ram\u00ebn e ka mundur lodhja, pushteti, zullumi dhe varf\u00ebria e \u00a0popullit, e ka mundur arroganca. Sot un\u00eb dhe PD e gjith\u00eb opozita jemi [&hellip;]<\/p>\n","protected":false},"author":2013,"featured_media":56721,"comment_status":"open","ping_status":"closed","sticky":false,"template":"","format":"standard","meta":{"footnotes":""},"categories":[241,235],"tags":[],"class_list":{"0":"post-83724","1":"post","2":"type-post","3":"status-publish","4":"format-standard","5":"has-post-thumbnail","7":"category-aktualitet","8":"category-vendi"},"_links":{"self":[{"href":"https:\/\/zjarr.tv\/sq\/wp-json\/wp\/v2\/posts\/83724","targetHints":{"allow":["GET"]}}],"collection":[{"href":"https:\/\/zjarr.tv\/sq\/wp-json\/wp\/v2\/posts"}],"about":[{"href":"https:\/\/zjarr.tv\/sq\/wp-json\/wp\/v2\/types\/post"}],"author":[{"embeddable":true,"href":"https:\/\/zjarr.tv\/sq\/wp-json\/wp\/v2\/users\/2013"}],"replies":[{"embeddable":true,"href":"https:\/\/zjarr.tv\/sq\/wp-json\/wp\/v2\/comments?post=83724"}],"version-history":[{"count":0,"href":"https:\/\/zjarr.tv\/sq\/wp-json\/wp\/v2\/posts\/83724\/revisions"}],"wp:featuredmedia":[{"embeddable":true,"href":"https:\/\/zjarr.tv\/sq\/wp-json\/wp\/v2\/media\/56721"}],"wp:attachment":[{"href":"https:\/\/zjarr.tv\/sq\/wp-json\/wp\/v2\/media?parent=83724"}],"wp:term":[{"taxonomy":"category","embeddable":true,"href":"https:\/\/zjarr.tv\/sq\/wp-json\/wp\/v2\/categories?post=83724"},{"taxonomy":"post_tag","embeddable":true,"href":"https:\/\/zjarr.tv\/sq\/wp-json\/wp\/v2\/tags?post=83724"}],"curies":[{"name":"wp","href":"https:\/\/api.w.org\/{rel}","templated":true}]}}