{"id":83732,"date":"2019-05-13T10:59:13","date_gmt":"2019-05-13T08:59:13","guid":{"rendered":"https:\/\/zjarr.tv\/?p=83732"},"modified":"2019-05-13T10:59:13","modified_gmt":"2019-05-13T08:59:13","slug":"sarande-bie-ne-lume-55-vjecari-ishte-nen-efektin-e-alkoolit","status":"publish","type":"post","link":"https:\/\/zjarr.tv\/sq\/sarande-bie-ne-lume-55-vjecari-ishte-nen-efektin-e-alkoolit\/","title":{"rendered":"Sarand\u00eb, bie n\u00eb lum\u00eb 55-vje\u00e7ari, ishte n\u00ebn efektin e alkoolit"},"content":{"rendered":"<p>Nj\u00eb 55-vjecar ka r\u00ebn\u00eb n\u00eb lumin Bistric\u00eb, nd\u00ebrsa trupi i tij ende nuk \u00ebsht\u00eb gjetur. Zyrtarisht nga policia e Sarand\u00ebs thuhet se ngjarja ka ndodhur pasditen e djeshme rreth or\u00ebs 17:40, kur shtetasi me inicialet A.SH banues n\u00eb \u00c7uk\u00eb, dyshohet se duke kaluar nga fshati \u00c7uk\u00eb p\u00ebr n\u00eb fshatin Berdenesh ka r\u00ebn\u00eb n\u00eb lumin e Bistric\u00ebs.<\/p>\n<p>Po sipas t\u00eb nj\u00ebjtave burime 55 vje\u00e7ari ka qen\u00eb n\u00ebn shoq\u00ebrin\u00eb e djalit t\u00eb tij 15-vje\u00e7ar i cili ka deklaruar n\u00eb polici se babai i tij ka qen\u00eb gjithashtu n\u00ebn efektin e pijeve alkoolike.<\/p>\n<p>\u201cDuke filluar q\u00eb prej dit\u00ebs s\u00eb djeshme kan\u00eb filluar k\u00ebrkimet por akoma nuk \u00ebsht\u00eb gjetur trupi i 55 vje\u00e7arit. Po punohet p\u00ebr gjetjen e tij.\u201d thuhet n\u00eb njoftimin e policis\u00eb.<\/p>\n","protected":false},"excerpt":{"rendered":"<p>Nj\u00eb 55-vjecar ka r\u00ebn\u00eb n\u00eb lumin Bistric\u00eb, nd\u00ebrsa trupi i tij ende nuk \u00ebsht\u00eb gjetur. Zyrtarisht nga policia e Sarand\u00ebs thuhet se ngjarja ka ndodhur pasditen e djeshme rreth or\u00ebs 17:40, kur shtetasi me inicialet A.SH banues n\u00eb \u00c7uk\u00eb, dyshohet se duke kaluar nga fshati \u00c7uk\u00eb p\u00ebr n\u00eb fshatin Berdenesh ka r\u00ebn\u00eb n\u00eb lumin e [&hellip;]<\/p>\n","protected":false},"author":4,"featured_media":83733,"comment_status":"open","ping_status":"closed","sticky":false,"template":"","format":"standard","meta":{"footnotes":""},"categories":[241,231,235],"tags":[],"class_list":{"0":"post-83732","1":"post","2":"type-post","3":"status-publish","4":"format-standard","5":"has-post-thumbnail","7":"category-aktualitet","8":"category-lajme","9":"category-vendi"},"_links":{"self":[{"href":"https:\/\/zjarr.tv\/sq\/wp-json\/wp\/v2\/posts\/83732","targetHints":{"allow":["GET"]}}],"collection":[{"href":"https:\/\/zjarr.tv\/sq\/wp-json\/wp\/v2\/posts"}],"about":[{"href":"https:\/\/zjarr.tv\/sq\/wp-json\/wp\/v2\/types\/post"}],"author":[{"embeddable":true,"href":"https:\/\/zjarr.tv\/sq\/wp-json\/wp\/v2\/users\/4"}],"replies":[{"embeddable":true,"href":"https:\/\/zjarr.tv\/sq\/wp-json\/wp\/v2\/comments?post=83732"}],"version-history":[{"count":0,"href":"https:\/\/zjarr.tv\/sq\/wp-json\/wp\/v2\/posts\/83732\/revisions"}],"wp:featuredmedia":[{"embeddable":true,"href":"https:\/\/zjarr.tv\/sq\/wp-json\/wp\/v2\/media\/83733"}],"wp:attachment":[{"href":"https:\/\/zjarr.tv\/sq\/wp-json\/wp\/v2\/media?parent=83732"}],"wp:term":[{"taxonomy":"category","embeddable":true,"href":"https:\/\/zjarr.tv\/sq\/wp-json\/wp\/v2\/categories?post=83732"},{"taxonomy":"post_tag","embeddable":true,"href":"https:\/\/zjarr.tv\/sq\/wp-json\/wp\/v2\/tags?post=83732"}],"curies":[{"name":"wp","href":"https:\/\/api.w.org\/{rel}","templated":true}]}}