{"id":83735,"date":"2019-05-13T11:07:20","date_gmt":"2019-05-13T09:07:20","guid":{"rendered":"https:\/\/zjarr.tv\/?p=83735"},"modified":"2019-05-13T11:07:20","modified_gmt":"2019-05-13T09:07:20","slug":"asgje-si-ndal-shqiptaret-opozita-ne-protesten-e-5-te-kombetare","status":"publish","type":"post","link":"https:\/\/zjarr.tv\/sq\/asgje-si-ndal-shqiptaret-opozita-ne-protesten-e-5-te-kombetare\/","title":{"rendered":"\u201cAsgj\u00eb s\u2019i ndal shqiptar\u00ebt\u201d, opozita n\u00eb protest\u00ebn e 5-t\u00eb komb\u00ebtare"},"content":{"rendered":"<p>Pas protest\u00ebs s\u00eb kat\u00ebrt komb\u00ebtare, opozita e bashkuar edhe k\u00ebt\u00eb t\u00eb h\u00ebn\u00eb do t\u00eb dal\u00eb n\u00eb rrug\u00eb n\u00eb or\u00ebn 18:30 p\u00ebr t\u00eb kund\u00ebrshtuar qeverin\u00eb Rama. Protesta e s\u00eb shtun\u00ebs, e cila u shp\u00ebrnda n\u00eb tre fronte u shoq\u00ebrua m\u00eb dhun\u00eb, gaz lotsjell\u00ebs, p\u00ebrplasje fizike, por nuk munguan as arrestimet e qytetar\u00ebve, t\u00eb cil\u00ebt akuzohen p\u00ebr dhun\u00eb ndaj forcave policore dhe prishje t\u00eb rendit dhe siguris\u00eb publike.<\/p>\n<p>Momenti i cili i dha or\u00eb shtes\u00eb protest\u00ebs s\u00eb opozit\u00ebs dy dit\u00eb m\u00eb par\u00eb ishte pik\u00ebrisht dhunimi i sekretarit Organizativ i Partis\u00eb Demokratike, Sahit Dollapi nga FNSH-ja, ngjarje kjo e ndodhur para godin\u00ebs s\u00eb Kuvendit.<\/p>\n<p>Lideri demokrat, Lulzim Basha theksoi dit\u00ebn e djeshme para drejtoris\u00eb s\u00eb Policis\u00eb s\u00eb Tiran\u00ebs se qytetar\u00ebt shqiptar\u00eb do t\u2019i p\u00ebrgjigjen n\u00eb m\u00ebnyr\u00eb porporcionale dhun\u00ebs\u00a0 s\u00eb ushtruar nga Policia, nd\u00ebrsa sipas tij, ajo u porosit nga shefi i ekzekutivit Edi Rama. Protesta e sotme e opozit\u00ebs \u00ebsht\u00eb e pesta n\u00eb nivel komb\u00ebtar, nd\u00ebrsa thirrjet p\u00ebr largimin e Ram\u00ebs kan\u00eb qen\u00eb kryefjala e brohoritjeve nga qytetar\u00ebt n\u00eb shesh para godin\u00ebs s\u00eb kryeministris\u00eb.<\/p>\n<p>Nd\u00ebrkoh\u00eb kryeministri Edi Rama teksa foli dje n\u00eb konferenc\u00eb me gazetar\u00eb p\u00ebr protest\u00ebn, i b\u00ebri edhe nj\u00eb mesazh liderit demokrat q\u00eb t\u00eb t\u00ebrhiqet\u00a0 nga rruga ku \u00ebsht\u00eb futur dhe t\u00eb nis\u00eb dialogun, por jo p\u00ebr t\u00eb negociuar mandatin e qeveris\u00eb.<\/p>\n<p>Ai tha se qeveria nuk do t\u00eb rr\u00ebzohet pasi \u00ebsht\u00eb produkt legjitim i qytetar\u00ebve shqiptar\u00eb, e formuar p\u00ebrmes zgjedhjeve t\u00eb lira dhe demokratike. Ende nuk dihet se si do t\u00eb veproj\u00eb opozita dhe sa or\u00eb do t\u00eb zgjas\u00eb kjo protest\u00eb, e cila u lajm\u00ebrua n\u00eb or\u00ebt e para t\u00eb m\u00ebngjesit t\u00eb s\u00eb diel\u00ebs p\u00ebr sot n\u00eb or\u00ebn 18:30.<\/p>\n<p>Policia e Shtetit njoftoi zyrtarisht se p\u00ebr protest\u00ebn e opozit\u00ebs jan\u00eb proceduar gjithsej 84 persona, nd\u00ebr ta, 50 p\u00ebrfunduan n\u00eb pranga. Nga p\u00ebrplasjet me Policin\u00eb dhe qytetar\u00ebt mbet\u00ebn t\u00eb plagosur 19 persona, nd\u00ebrsa spitali i Traum\u00ebs\u00a0 njoftoi dje se n\u00eb mesin e t\u00eb plagosurve ishin 14 polic\u00eb, 4 qytetar\u00eb dhe nj\u00eb operator.<\/p>\n","protected":false},"excerpt":{"rendered":"<p>Pas protest\u00ebs s\u00eb kat\u00ebrt komb\u00ebtare, opozita e bashkuar edhe k\u00ebt\u00eb t\u00eb h\u00ebn\u00eb do t\u00eb dal\u00eb n\u00eb rrug\u00eb n\u00eb or\u00ebn 18:30 p\u00ebr t\u00eb kund\u00ebrshtuar qeverin\u00eb Rama. Protesta e s\u00eb shtun\u00ebs, e cila u shp\u00ebrnda n\u00eb tre fronte u shoq\u00ebrua m\u00eb dhun\u00eb, gaz lotsjell\u00ebs, p\u00ebrplasje fizike, por nuk munguan as arrestimet e qytetar\u00ebve, t\u00eb cil\u00ebt akuzohen p\u00ebr [&hellip;]<\/p>\n","protected":false},"author":4,"featured_media":77051,"comment_status":"open","ping_status":"closed","sticky":false,"template":"","format":"standard","meta":{"footnotes":""},"categories":[241,231,235],"tags":[],"class_list":{"0":"post-83735","1":"post","2":"type-post","3":"status-publish","4":"format-standard","5":"has-post-thumbnail","7":"category-aktualitet","8":"category-lajme","9":"category-vendi"},"_links":{"self":[{"href":"https:\/\/zjarr.tv\/sq\/wp-json\/wp\/v2\/posts\/83735","targetHints":{"allow":["GET"]}}],"collection":[{"href":"https:\/\/zjarr.tv\/sq\/wp-json\/wp\/v2\/posts"}],"about":[{"href":"https:\/\/zjarr.tv\/sq\/wp-json\/wp\/v2\/types\/post"}],"author":[{"embeddable":true,"href":"https:\/\/zjarr.tv\/sq\/wp-json\/wp\/v2\/users\/4"}],"replies":[{"embeddable":true,"href":"https:\/\/zjarr.tv\/sq\/wp-json\/wp\/v2\/comments?post=83735"}],"version-history":[{"count":0,"href":"https:\/\/zjarr.tv\/sq\/wp-json\/wp\/v2\/posts\/83735\/revisions"}],"wp:featuredmedia":[{"embeddable":true,"href":"https:\/\/zjarr.tv\/sq\/wp-json\/wp\/v2\/media\/77051"}],"wp:attachment":[{"href":"https:\/\/zjarr.tv\/sq\/wp-json\/wp\/v2\/media?parent=83735"}],"wp:term":[{"taxonomy":"category","embeddable":true,"href":"https:\/\/zjarr.tv\/sq\/wp-json\/wp\/v2\/categories?post=83735"},{"taxonomy":"post_tag","embeddable":true,"href":"https:\/\/zjarr.tv\/sq\/wp-json\/wp\/v2\/tags?post=83735"}],"curies":[{"name":"wp","href":"https:\/\/api.w.org\/{rel}","templated":true}]}}