{"id":83737,"date":"2019-05-13T11:09:13","date_gmt":"2019-05-13T09:09:13","guid":{"rendered":"https:\/\/zjarr.tv\/?p=83737"},"modified":"2019-05-13T11:09:13","modified_gmt":"2019-05-13T09:09:13","slug":"rama-per-televizionin-serb-jo-kufij-per-ballkanin-nevoja-per-pajtim-e-pashmangshme","status":"publish","type":"post","link":"https:\/\/zjarr.tv\/sq\/rama-per-televizionin-serb-jo-kufij-per-ballkanin-nevoja-per-pajtim-e-pashmangshme\/","title":{"rendered":"Rama p\u00ebr televizionin serb: Jo kufij p\u00ebr Ballkanin, nevoja p\u00ebr pajtim e pashmangshme"},"content":{"rendered":"<p>Kryeministri Edi Rama thot\u00eb se shqiptar\u00ebt n\u00eb Shqip\u00ebri dhe Kosov\u00eb jan\u00eb v\u00ebllez\u00ebr q\u00eb jetojn\u00eb n\u00eb dy vende t\u00eb ndryshme, por q\u00eb duhet t\u00eb bashkohen.<\/p>\n<p>N\u00eb nj\u00eb intervist\u00eb p\u00ebr televizionin serb, \u2018Pink\u2019, kreu i qeveris\u00eb i ka cil\u00ebsuar dy popujt si t\u00eb ngjash\u00ebm q\u00eb jetojn\u00eb n\u00eb territore t\u00eb ndryshme.<\/p>\n<p>\u201cNuk duam kufij me Kosov\u00ebn, Malin e Zi, Maqedonin\u00eb apo Serbin\u00eb. Duhet t\u00eb krijojm\u00eb nj\u00eb hap\u00ebsir\u00eb ndryshe ku t\u00eb jetohet nj\u00ebsoj si n\u00eb Bashkimin Europian, pa kufij, p\u00ebr t\u00eb forcuar raportet tregtare, kulturore dhe gjith\u00e7ka tjet\u00ebr\u201d, \u00ebsht\u00eb shprehur Rama.<\/p>\n<p>Po ashtu ai ka th\u00ebn\u00eb se Serbia duhet t\u00eb p\u00ebrballet me realitetin dhe t\u00eb pranoj\u00eb se Kosova \u00ebsht\u00eb shtet i pavarur dhe i lir\u00eb.<\/p>\n<p>Sipas tij, shqiptar\u00ebt dhe serb\u00ebt mund t\u00eb b\u00ebjn\u00eb p\u00ebr Ballkanin at\u00eb \u00e7far\u00eb Franca dhe Gjermania b\u00ebn\u00eb p\u00ebr Europ\u00ebn.<\/p>\n<p>\u201cNevoja p\u00ebr pajtim \u00ebsht\u00eb e pashmangshme, dhe sa m\u00eb shum\u00eb Serbia ta vazhdoj\u00eb \u00ebndrr\u00ebn e vet q\u00eb kjo nuk ka p\u00ebr t\u00eb ndodhur ose do ta parandaloj\u00eb, aq m\u00eb e dhimbshme do t\u00eb jet\u00eb p\u00ebr t\u00eb gjith\u00eb\u201d, deklaroi Kryeministri.<\/p>\n","protected":false},"excerpt":{"rendered":"<p>Kryeministri Edi Rama thot\u00eb se shqiptar\u00ebt n\u00eb Shqip\u00ebri dhe Kosov\u00eb jan\u00eb v\u00ebllez\u00ebr q\u00eb jetojn\u00eb n\u00eb dy vende t\u00eb ndryshme, por q\u00eb duhet t\u00eb bashkohen. N\u00eb nj\u00eb intervist\u00eb p\u00ebr televizionin serb, \u2018Pink\u2019, kreu i qeveris\u00eb i ka cil\u00ebsuar dy popujt si t\u00eb ngjash\u00ebm q\u00eb jetojn\u00eb n\u00eb territore t\u00eb ndryshme. \u201cNuk duam kufij me Kosov\u00ebn, Malin e [&hellip;]<\/p>\n","protected":false},"author":4,"featured_media":77040,"comment_status":"open","ping_status":"closed","sticky":false,"template":"","format":"standard","meta":{"footnotes":""},"categories":[241,231,235],"tags":[],"class_list":{"0":"post-83737","1":"post","2":"type-post","3":"status-publish","4":"format-standard","5":"has-post-thumbnail","7":"category-aktualitet","8":"category-lajme","9":"category-vendi"},"_links":{"self":[{"href":"https:\/\/zjarr.tv\/sq\/wp-json\/wp\/v2\/posts\/83737","targetHints":{"allow":["GET"]}}],"collection":[{"href":"https:\/\/zjarr.tv\/sq\/wp-json\/wp\/v2\/posts"}],"about":[{"href":"https:\/\/zjarr.tv\/sq\/wp-json\/wp\/v2\/types\/post"}],"author":[{"embeddable":true,"href":"https:\/\/zjarr.tv\/sq\/wp-json\/wp\/v2\/users\/4"}],"replies":[{"embeddable":true,"href":"https:\/\/zjarr.tv\/sq\/wp-json\/wp\/v2\/comments?post=83737"}],"version-history":[{"count":0,"href":"https:\/\/zjarr.tv\/sq\/wp-json\/wp\/v2\/posts\/83737\/revisions"}],"wp:featuredmedia":[{"embeddable":true,"href":"https:\/\/zjarr.tv\/sq\/wp-json\/wp\/v2\/media\/77040"}],"wp:attachment":[{"href":"https:\/\/zjarr.tv\/sq\/wp-json\/wp\/v2\/media?parent=83737"}],"wp:term":[{"taxonomy":"category","embeddable":true,"href":"https:\/\/zjarr.tv\/sq\/wp-json\/wp\/v2\/categories?post=83737"},{"taxonomy":"post_tag","embeddable":true,"href":"https:\/\/zjarr.tv\/sq\/wp-json\/wp\/v2\/tags?post=83737"}],"curies":[{"name":"wp","href":"https:\/\/api.w.org\/{rel}","templated":true}]}}