{"id":83740,"date":"2019-05-13T12:15:42","date_gmt":"2019-05-13T10:15:42","guid":{"rendered":"https:\/\/zjarr.tv\/?p=83740"},"modified":"2019-05-13T12:15:42","modified_gmt":"2019-05-13T10:15:42","slug":"arrestohet-ne-kosove-bashkeshorti-i-ministres-besa-shahini","status":"publish","type":"post","link":"https:\/\/zjarr.tv\/sq\/arrestohet-ne-kosove-bashkeshorti-i-ministres-besa-shahini\/","title":{"rendered":"Arrestohet n\u00eb Kosov\u00eb, bashk\u00ebshorti i ministres Besa Shahini"},"content":{"rendered":"<p>Partia Socialdemokrate e Kosov\u00ebs thot\u00eb se Policia e Kosov\u00ebs ka arrestuar deputetin Dardan Mulliqaj, bashk\u00ebshortin e ministres s\u00eb Arsimit t\u00eb Shqip\u00ebris\u00eb, Besa Shahini. Si\u00e7 njoftojn\u00eb mediat kosovare, Mulliqaj \u00ebsht\u00eb arrestuar\u00a0 n\u00eb banes\u00ebn e tij dhe nuk ka qen\u00eb i njoftuar m\u00eb par\u00eb p\u00ebr seanc\u00eb apo p\u00ebr paraqitje n\u00eb gjykat\u00eb.<\/p>\n<p>Ministrja Besa Shahini pak koh\u00eb m\u00eb par\u00eb kuror\u00ebzoi martes\u00ebn me deputetin kosovar, veprim ky q\u00eb mori v\u00ebmendjen e mediave kosovare dhe atyre shqiptare.<\/p>\n<p>\u201cMolliqaj \u00ebsht\u00eb arrestuar n\u00ebn arsyetimin p\u00ebr pjes\u00ebmarrje n\u00eb protest\u00ebn p\u00ebr lirimin e deputetit Albin Kurti, n\u00eb vitin 2015. Arrestimi i deputetit n\u00eb fjal\u00eb ka qen\u00eb n\u00eb kund\u00ebrshtim me lirit\u00eb dhe t\u00eb drejtat e njeriut dhe n\u00eb shkelje t\u00eb plot\u00eb t\u00eb procedurave ligjore. P\u00ebr k\u00ebt\u00eb arsye, ajo protest\u00eb ka qen\u00eb e drejt\u00eb dhe e nevojshme\u201d, thuhet n\u00eb njoftimin e PSD-s\u00eb.<\/p>\n<p>Partia ku b\u00ebn pjes\u00eb deputeti Mulliqaj ka k\u00ebrkuar menj\u00ebher\u00eb lirimin e tij.<\/p>\n<p>\u201cPSD \u00ebsht\u00eb p\u00ebr shtet t\u00eb s\u00eb drejt\u00ebs, ku respektohet liria p\u00ebr protest\u00eb dhe kritik\u00eb. Prandaj, p\u00ebr ne \u00ebsht\u00eb e papranueshme \u00e7far\u00ebdo p\u00ebrpjekje p\u00ebr cenimin e tyre\u201d, thuhet n\u00eb reagimin e PSD-s\u00eb.<\/p>\n","protected":false},"excerpt":{"rendered":"<p>Partia Socialdemokrate e Kosov\u00ebs thot\u00eb se Policia e Kosov\u00ebs ka arrestuar deputetin Dardan Mulliqaj, bashk\u00ebshortin e ministres s\u00eb Arsimit t\u00eb Shqip\u00ebris\u00eb, Besa Shahini. Si\u00e7 njoftojn\u00eb mediat kosovare, Mulliqaj \u00ebsht\u00eb arrestuar\u00a0 n\u00eb banes\u00ebn e tij dhe nuk ka qen\u00eb i njoftuar m\u00eb par\u00eb p\u00ebr seanc\u00eb apo p\u00ebr paraqitje n\u00eb gjykat\u00eb. Ministrja Besa Shahini pak koh\u00eb m\u00eb [&hellip;]<\/p>\n","protected":false},"author":4,"featured_media":83741,"comment_status":"open","ping_status":"closed","sticky":false,"template":"","format":"standard","meta":{"footnotes":""},"categories":[241,231,235],"tags":[],"class_list":{"0":"post-83740","1":"post","2":"type-post","3":"status-publish","4":"format-standard","5":"has-post-thumbnail","7":"category-aktualitet","8":"category-lajme","9":"category-vendi"},"_links":{"self":[{"href":"https:\/\/zjarr.tv\/sq\/wp-json\/wp\/v2\/posts\/83740","targetHints":{"allow":["GET"]}}],"collection":[{"href":"https:\/\/zjarr.tv\/sq\/wp-json\/wp\/v2\/posts"}],"about":[{"href":"https:\/\/zjarr.tv\/sq\/wp-json\/wp\/v2\/types\/post"}],"author":[{"embeddable":true,"href":"https:\/\/zjarr.tv\/sq\/wp-json\/wp\/v2\/users\/4"}],"replies":[{"embeddable":true,"href":"https:\/\/zjarr.tv\/sq\/wp-json\/wp\/v2\/comments?post=83740"}],"version-history":[{"count":0,"href":"https:\/\/zjarr.tv\/sq\/wp-json\/wp\/v2\/posts\/83740\/revisions"}],"wp:featuredmedia":[{"embeddable":true,"href":"https:\/\/zjarr.tv\/sq\/wp-json\/wp\/v2\/media\/83741"}],"wp:attachment":[{"href":"https:\/\/zjarr.tv\/sq\/wp-json\/wp\/v2\/media?parent=83740"}],"wp:term":[{"taxonomy":"category","embeddable":true,"href":"https:\/\/zjarr.tv\/sq\/wp-json\/wp\/v2\/categories?post=83740"},{"taxonomy":"post_tag","embeddable":true,"href":"https:\/\/zjarr.tv\/sq\/wp-json\/wp\/v2\/tags?post=83740"}],"curies":[{"name":"wp","href":"https:\/\/api.w.org\/{rel}","templated":true}]}}