{"id":83753,"date":"2019-05-13T15:13:14","date_gmt":"2019-05-13T13:13:14","guid":{"rendered":"https:\/\/zjarr.tv\/?p=83753"},"modified":"2019-05-13T15:13:14","modified_gmt":"2019-05-13T13:13:14","slug":"shtyhet-me-tre-jave-ngritja-e-spak","status":"publish","type":"post","link":"https:\/\/zjarr.tv\/sq\/shtyhet-me-tre-jave-ngritja-e-spak\/","title":{"rendered":"Shtyhet me tre jav\u00eb ngritja e SPAK"},"content":{"rendered":"<p>Me 10 vota pro, K\u00ebshilli i Lart\u00eb i Prokuroris\u00eb ka shtyr\u00eb me tre jav\u00eb ngritjen e SPAK.<\/p>\n<p>Afati ishte 45 dit\u00eb, por duket se \u00ebsht\u00eb e pamundur q\u00eb t\u00eb kontrollohen 23\u00a0<a href=\"http:\/\/oranews.tv\/article\/klp-skualifikon-tre-kandidate-nga-lista-e-28-aplikanteve-spak-emrat\">kandidat\u00ebt\u00a0<\/a>n\u00eb koh\u00ebn e p\u00ebrcaktuar.<\/p>\n<p>&nbsp;<\/p>\n","protected":false},"excerpt":{"rendered":"<p>Me 10 vota pro, K\u00ebshilli i Lart\u00eb i Prokuroris\u00eb ka shtyr\u00eb me tre jav\u00eb ngritjen e SPAK. Afati ishte 45 dit\u00eb, por duket se \u00ebsht\u00eb e pamundur q\u00eb t\u00eb kontrollohen 23\u00a0kandidat\u00ebt\u00a0n\u00eb koh\u00ebn e p\u00ebrcaktuar. &nbsp;<\/p>\n","protected":false},"author":2013,"featured_media":0,"comment_status":"open","ping_status":"closed","sticky":false,"template":"","format":"standard","meta":{"footnotes":""},"categories":[241,235],"tags":[],"class_list":{"0":"post-83753","1":"post","2":"type-post","3":"status-publish","4":"format-standard","6":"category-aktualitet","7":"category-vendi"},"_links":{"self":[{"href":"https:\/\/zjarr.tv\/sq\/wp-json\/wp\/v2\/posts\/83753","targetHints":{"allow":["GET"]}}],"collection":[{"href":"https:\/\/zjarr.tv\/sq\/wp-json\/wp\/v2\/posts"}],"about":[{"href":"https:\/\/zjarr.tv\/sq\/wp-json\/wp\/v2\/types\/post"}],"author":[{"embeddable":true,"href":"https:\/\/zjarr.tv\/sq\/wp-json\/wp\/v2\/users\/2013"}],"replies":[{"embeddable":true,"href":"https:\/\/zjarr.tv\/sq\/wp-json\/wp\/v2\/comments?post=83753"}],"version-history":[{"count":0,"href":"https:\/\/zjarr.tv\/sq\/wp-json\/wp\/v2\/posts\/83753\/revisions"}],"wp:attachment":[{"href":"https:\/\/zjarr.tv\/sq\/wp-json\/wp\/v2\/media?parent=83753"}],"wp:term":[{"taxonomy":"category","embeddable":true,"href":"https:\/\/zjarr.tv\/sq\/wp-json\/wp\/v2\/categories?post=83753"},{"taxonomy":"post_tag","embeddable":true,"href":"https:\/\/zjarr.tv\/sq\/wp-json\/wp\/v2\/tags?post=83753"}],"curies":[{"name":"wp","href":"https:\/\/api.w.org\/{rel}","templated":true}]}}