{"id":83755,"date":"2019-05-13T15:17:53","date_gmt":"2019-05-13T13:17:53","guid":{"rendered":"https:\/\/zjarr.tv\/?p=83755"},"modified":"2019-05-13T15:17:53","modified_gmt":"2019-05-13T13:17:53","slug":"geri-ballo-shqiptarja-qe-kandidon-me-pd-ne-italiane-per-parlamentin-evropian","status":"publish","type":"post","link":"https:\/\/zjarr.tv\/sq\/geri-ballo-shqiptarja-qe-kandidon-me-pd-ne-italiane-per-parlamentin-evropian\/","title":{"rendered":"Geri Ballo, shqiptarja q\u00eb kandidon me PD-n\u00eb italiane p\u00ebr Parlamentin Evropian"},"content":{"rendered":"<p>\u201cMos q\u00ebndroni gjat\u00eb gjith\u00eb dit\u00ebs n\u00eb mediat sociale, u themi zakonisht f\u00ebmij\u00ebve. T\u2019i a tregosh k\u00ebt\u00eb Ministrit t\u00eb Brendsh\u00ebm \u00ebsht\u00eb me t\u00eb v\u00ebrtet\u00eb posht\u00ebruese\u201d. Natyrisht, Geri Ballo i p\u00eblqen sfidat. N\u00eb mosh\u00ebn 34 vje\u00e7e ajo \u00ebsht\u00eb kandidate p\u00ebr zgjedhjet n\u00eb Parlamentin Evropian n\u00eb Jug (t\u00eb Italis\u00eb) me Partin\u00eb Demokratike dhe ka zgjedhur nj\u00eb kund\u00ebrshtar me shum\u00eb pesh\u00eb: Matteo Salvinin. \u201cKur m\u00eb pyesin, them se po kandidoj kund\u00ebr Salvinit sepse i p\u00ebkasim poleve t\u00eb kund\u00ebrta. Historia ime \u00ebsht\u00eb sh\u00ebmbulli se gj\u00ebrat nuk jan\u00eb si\u00e7 i thot\u00eb Ai\u201d, shpjegon menj\u00ebher\u00eb ajo.<\/p>\n<p>Geri Ballo ka lindur n\u00eb Tiran\u00eb. E diplomuar n\u00eb Torino me nj\u00eb diplom\u00eb Master, ajo ka punuar n\u00eb fush\u00ebn e diplomacis\u00eb dhe merret me integrimin, minoritetet dhe Jugun. \u201cN\u00eb Itali mb\u00ebrrita n\u00eb fund t\u00eb viteve \u201990, isha 11 vje\u00e7e \u2013 tregon p\u00ebr Adnkronos \u2013 Lega Nord b\u00ebnte manifestime ku kriminalizoheshin shqiptar\u00ebt dhe kjo m\u00eb l\u00ebndoi. Nuk kam p\u00ebr ta harruar. M\u00eb pas erdhi rradha e rumun\u00ebve, pastaj e rom\u00ebve, tani e afrikan\u00ebve. Fillimisht, n\u00eb origjin\u00eb, ishin jugor\u00ebt (e Italis\u00eb). Nd\u00ebrsa tani jan\u00eb kund\u00ebr grave dhe \u00e7do lloj pakice \u201c.<\/p>\n<p>Gjat\u00eb viteve kur jetoi me gjysh\u00ebrit e saj n\u00eb Shqip\u00ebri, ajo pati nj\u00eb takim q\u00eb e sh\u00ebnoi p\u00ebrgjithmon\u00eb: \u201cMe N\u00ebn\u00eb Terez\u00ebn, e pash\u00eb disa her\u00eb, nj\u00eb burim frym\u00ebzimi i pabesuesh\u00ebm \u2013 kujton ajo \u2013 Gjyshja, shum\u00eb katolike, shkonte n\u00eb kish\u00eb duke u fshehur, p\u00ebr shkak se regjimi nuk e \u00a0lejonte. M\u00eb von\u00eb ju p\u00ebrkushtua vullnetarizmit dhe N\u00ebn\u00eb Tereza erdhi shum\u00eb her\u00eb p\u00ebr t\u2019i vizituar. Un\u00eb isha f\u00ebmija q\u00eb e priste n\u00eb aeroport me lule n\u00eb duar\u201d.<\/p>\n<p>Pas mb\u00ebrritjes n\u00eb Itali, Geri u ribashkua me n\u00ebn\u00ebn e saj, e cila kishte emigruar pes\u00eb vite m\u00eb par\u00eb n\u00eb k\u00ebrkim t\u00eb pun\u00ebs, duke e l\u00ebn\u00eb at\u00eb n\u00eb kujdesin e gjysh\u00ebrive t\u00eb saj. \u201cAta q\u00eb b\u00ebhen italian hap pas hapi, dhe un\u00eb jam b\u00ebr\u00eb prej disa vitesh, kan\u00eb nj\u00eb vet\u00ebdije m\u00eb t\u00eb thell\u00eb p\u00ebr t\u00eb drejtat dhe detyrat. Un\u00eb k\u00ebto t\u00eb drejta i kam fituar dhe p\u00ebr k\u00ebt\u00eb shpreh nj\u00eb ndjenj\u00eb mir\u00ebnjohjeje ndaj kultur\u00ebs italiane dhe evropiane\u201d.<\/p>\n<p>Me k\u00ebto premisa, Geri Ballo nuk vonoi p\u00ebr t\u2019I dh\u00ebn\u00eb kuptimin \u00a0angazhimit t\u00eb saj n\u00eb zgjedhjet evropiane: \u201cUn\u00eb kandidoj p\u00ebr t\u00eb treguar nj\u00eb histori tjet\u00ebr, e cila n\u00eb vetvete \u00ebsht\u00eb historia \u00a0e Jugut, kulturave q\u00eb p\u00ebrzihen dhe q\u00eb pasurohen. Dhe \u00ebht\u00eb historia e kultur\u00ebs s\u00eb Jugut q\u00eb flet kund\u00ebr Salvinit, \u00ebsht\u00eb historia e Jugut q\u00eb duhet t\u00eb tregohet drejt\u00eb\u201d. Si simbol t\u00eb betejave t\u00eb saj, Ballo zgjodhi Arberesh\u00ebt, komunitetin italo-shqiptar t\u00eb pranish\u00ebm mbi t\u00eb gjitha n\u00eb Kalabri. \u201cAta jan\u00eb nj\u00eb shembull i p\u00ebrsosur i integrimit. P\u00ebr k\u00ebt\u00eb foli edhe presidenti Mattarella, kur \u00a0ishte n\u00eb San Demetrio Corone: historia e tyre \u00ebsht\u00eb nj\u00eb mozaik i bukur n\u00eb historin\u00eb e Italis\u00eb. N\u00eb Itali ata gjet\u00ebn hap\u00ebsir\u00eb dhe t\u00eb drejta dhe b\u00ebn\u00eb historin\u00eb e k\u00ebtij Vendi, ata kontribuan n\u00eb \u201cRisorgimento dhe Unita\u201d, ata ishin mes Mijrave. \u00a0Antonio Gramshi kishte origjin\u00eb Arbereshe, ashtu si Costantino Mortati, t\u00eb cil\u00ebt dhan\u00eb nj\u00eb kontribut me diversitetin e tyre, n\u00eb frym\u00ebn e plot\u00eb evropiane \u201c.<\/p>\n<p>Shtylla tjet\u00ebr e kandidatur\u00ebs s\u00eb Geri Ballos \u00ebsht\u00eb vet\u00eb Evropa, p\u00ebr t\u00eb cil\u00ebn ka gjurm\u00eb t\u00eb dukshme n\u00eb biografin\u00eb e saj: P\u00ebrve\u00e7 specializimeve n\u00eb Politikat Evropiane, p\u00ebr 6 vjet ajo ndoqi karrier\u00ebn diplomatike n\u00eb Ambasad\u00ebn Shqiptare n\u00eb Itali. \u201cT\u00eb ndihesh evropian \u00ebsht\u00eb bukur, un\u00eb vij nga nj\u00eb Vend q\u00eb ishte n\u00ebn nj\u00eb regjim t\u00eb eg\u00ebr deri af\u00ebr 30 vite m\u00eb pare. E kam t\u00eb qart\u00eb se \u00e7far\u00eb do t\u00eb thot\u00eb t\u00eb q\u00ebndrosh prapa mureve. Evropa si ideal \u00ebsht\u00eb shum\u00eb\u00e7ka dhe nuk mund ta mohosh. P\u00ebrkundrazi! Duhet ti kthehemi \u00ebndrrave si ato evropiane, n\u00eb m\u00ebnyr\u00eb q\u00eb t\u00eb mos biem n\u00eb cinizmin e keq q\u00eb p\u00ebrfaq\u00ebson Salvini \u201c.<\/p>\n<p>Nd\u00ebr propozimet q\u00eb kandidatja e re prezanton n\u00eb k\u00ebto jav\u00eb t\u00eb fushat\u00ebs zgjedhore n\u00eb t\u00eb gjith\u00eb Jugun, nj\u00ebra ka t\u00eb b\u00ebj\u00eb pik\u00ebrisht me marr\u00ebdh\u00ebniet midis Evrop\u00ebs dhe Jugut: T\u00eb rimarr\u00eb fondet q\u00eb nuk p\u00ebrdoren nga Italia p\u00ebr t\u2019i p\u00ebrdorur ato p\u00eb t\u00eb rinjt\u00eb e Jugut p\u00ebrmes krijimit t\u00eb nj\u00eb rrjeti operacional me qend\u00ebr n\u00eb Bruksel dhe q\u00eb lidhet drejtp\u00ebrdrejt\u00eb me autoritetet lokale. Ballo nuk \u00ebsht\u00eb an\u00ebtare e PD-s\u00eb, por, si\u00e7 shpjegon ajo: \u201cUn\u00eb p\u00ebrkraha menj\u00ebher\u00eb programin e reformave t\u00eb PD-s\u00eb n\u00eb nivel evropian, luft\u00ebn p\u00ebr nj\u00eb shtyll\u00eb sociale Evropiane, p\u00ebr barazi dhe mir\u00ebqenie. Ideja e luft\u00ebs kund\u00ebr sovranitetit dhe shtremb\u00ebrimeve nacionaliste t\u00eb atyre q\u00eb duan t\u00eb nd\u00ebrtojn\u00eb mure \u00ebsht\u00eb shum\u00eb e r\u00ebnd\u00ebsishme. Nuk mund ta pranojm\u00eb\u201d.<\/p>\n","protected":false},"excerpt":{"rendered":"<p>\u201cMos q\u00ebndroni gjat\u00eb gjith\u00eb dit\u00ebs n\u00eb mediat sociale, u themi zakonisht f\u00ebmij\u00ebve. T\u2019i a tregosh k\u00ebt\u00eb Ministrit t\u00eb Brendsh\u00ebm \u00ebsht\u00eb me t\u00eb v\u00ebrtet\u00eb posht\u00ebruese\u201d. Natyrisht, Geri Ballo i p\u00eblqen sfidat. N\u00eb mosh\u00ebn 34 vje\u00e7e ajo \u00ebsht\u00eb kandidate p\u00ebr zgjedhjet n\u00eb Parlamentin Evropian n\u00eb Jug (t\u00eb Italis\u00eb) me Partin\u00eb Demokratike dhe ka zgjedhur nj\u00eb kund\u00ebrshtar me [&hellip;]<\/p>\n","protected":false},"author":2013,"featured_media":83756,"comment_status":"open","ping_status":"closed","sticky":false,"template":"","format":"standard","meta":{"footnotes":""},"categories":[241,235],"tags":[],"class_list":{"0":"post-83755","1":"post","2":"type-post","3":"status-publish","4":"format-standard","5":"has-post-thumbnail","7":"category-aktualitet","8":"category-vendi"},"_links":{"self":[{"href":"https:\/\/zjarr.tv\/sq\/wp-json\/wp\/v2\/posts\/83755","targetHints":{"allow":["GET"]}}],"collection":[{"href":"https:\/\/zjarr.tv\/sq\/wp-json\/wp\/v2\/posts"}],"about":[{"href":"https:\/\/zjarr.tv\/sq\/wp-json\/wp\/v2\/types\/post"}],"author":[{"embeddable":true,"href":"https:\/\/zjarr.tv\/sq\/wp-json\/wp\/v2\/users\/2013"}],"replies":[{"embeddable":true,"href":"https:\/\/zjarr.tv\/sq\/wp-json\/wp\/v2\/comments?post=83755"}],"version-history":[{"count":0,"href":"https:\/\/zjarr.tv\/sq\/wp-json\/wp\/v2\/posts\/83755\/revisions"}],"wp:featuredmedia":[{"embeddable":true,"href":"https:\/\/zjarr.tv\/sq\/wp-json\/wp\/v2\/media\/83756"}],"wp:attachment":[{"href":"https:\/\/zjarr.tv\/sq\/wp-json\/wp\/v2\/media?parent=83755"}],"wp:term":[{"taxonomy":"category","embeddable":true,"href":"https:\/\/zjarr.tv\/sq\/wp-json\/wp\/v2\/categories?post=83755"},{"taxonomy":"post_tag","embeddable":true,"href":"https:\/\/zjarr.tv\/sq\/wp-json\/wp\/v2\/tags?post=83755"}],"curies":[{"name":"wp","href":"https:\/\/api.w.org\/{rel}","templated":true}]}}