{"id":83758,"date":"2019-05-13T15:21:27","date_gmt":"2019-05-13T13:21:27","guid":{"rendered":"https:\/\/zjarr.tv\/?p=83758"},"modified":"2019-05-13T15:21:27","modified_gmt":"2019-05-13T13:21:27","slug":"nisen-nga-korca-drejt-tiranes-protestuesit-e-pare-te-pd","status":"publish","type":"post","link":"https:\/\/zjarr.tv\/sq\/nisen-nga-korca-drejt-tiranes-protestuesit-e-pare-te-pd\/","title":{"rendered":"Nisen nga Kor\u00e7a drejt Tiran\u00ebs protestuesit e par\u00eb t\u00eb PD"},"content":{"rendered":"<p>Disa or\u00eb para protest\u00ebs s\u00eb opozit\u00ebs jan\u00eb nisur nga Kor\u00e7a drejt kryeqytetit mb\u00ebshtet\u00ebsit e par\u00eb t\u00eb Partis\u00eb Demokratike. \u00a0T\u00eb pakt\u00ebn 1600 mb\u00ebshtet\u00ebs t\u00eb PD dhe qytetar\u00eb do t\u00eb marrin pjes\u00eb nga ky qytet. Nd\u00ebrkoh\u00eb, sipas kreut t\u00eb deg\u00ebs lokale t\u00eb Partis\u00eb Demokratike Andrea Mano numri i qytetar\u00ebve pjes\u00ebmarr\u00ebsh \u00ebsht\u00eb m\u00eb i lart\u00eb nga \u00e7do her\u00eb tjet\u00ebr.<\/p>\n<p>Deg\u00ebt lokale t\u00eb Partis\u00eb Demokratike ndajn\u00eb edhe numrin e sakt\u00eb t\u00eb qytetar\u00ebve t\u00eb nisur nga Kor\u00e7a. Nga Devolli jan\u00eb nisur rreth 900 protestues, nga Pogradeci mbi 800 dhe nga Kolonja t\u00eb pakt\u00ebn 500 protestues.<\/p>\n<p>&nbsp;<\/p>\n","protected":false},"excerpt":{"rendered":"<p>Disa or\u00eb para protest\u00ebs s\u00eb opozit\u00ebs jan\u00eb nisur nga Kor\u00e7a drejt kryeqytetit mb\u00ebshtet\u00ebsit e par\u00eb t\u00eb Partis\u00eb Demokratike. \u00a0T\u00eb pakt\u00ebn 1600 mb\u00ebshtet\u00ebs t\u00eb PD dhe qytetar\u00eb do t\u00eb marrin pjes\u00eb nga ky qytet. Nd\u00ebrkoh\u00eb, sipas kreut t\u00eb deg\u00ebs lokale t\u00eb Partis\u00eb Demokratike Andrea Mano numri i qytetar\u00ebve pjes\u00ebmarr\u00ebsh \u00ebsht\u00eb m\u00eb i lart\u00eb nga \u00e7do her\u00eb [&hellip;]<\/p>\n","protected":false},"author":2013,"featured_media":83469,"comment_status":"open","ping_status":"closed","sticky":false,"template":"","format":"standard","meta":{"footnotes":""},"categories":[241,235],"tags":[],"class_list":{"0":"post-83758","1":"post","2":"type-post","3":"status-publish","4":"format-standard","5":"has-post-thumbnail","7":"category-aktualitet","8":"category-vendi"},"_links":{"self":[{"href":"https:\/\/zjarr.tv\/sq\/wp-json\/wp\/v2\/posts\/83758","targetHints":{"allow":["GET"]}}],"collection":[{"href":"https:\/\/zjarr.tv\/sq\/wp-json\/wp\/v2\/posts"}],"about":[{"href":"https:\/\/zjarr.tv\/sq\/wp-json\/wp\/v2\/types\/post"}],"author":[{"embeddable":true,"href":"https:\/\/zjarr.tv\/sq\/wp-json\/wp\/v2\/users\/2013"}],"replies":[{"embeddable":true,"href":"https:\/\/zjarr.tv\/sq\/wp-json\/wp\/v2\/comments?post=83758"}],"version-history":[{"count":0,"href":"https:\/\/zjarr.tv\/sq\/wp-json\/wp\/v2\/posts\/83758\/revisions"}],"wp:featuredmedia":[{"embeddable":true,"href":"https:\/\/zjarr.tv\/sq\/wp-json\/wp\/v2\/media\/83469"}],"wp:attachment":[{"href":"https:\/\/zjarr.tv\/sq\/wp-json\/wp\/v2\/media?parent=83758"}],"wp:term":[{"taxonomy":"category","embeddable":true,"href":"https:\/\/zjarr.tv\/sq\/wp-json\/wp\/v2\/categories?post=83758"},{"taxonomy":"post_tag","embeddable":true,"href":"https:\/\/zjarr.tv\/sq\/wp-json\/wp\/v2\/tags?post=83758"}],"curies":[{"name":"wp","href":"https:\/\/api.w.org\/{rel}","templated":true}]}}