{"id":83765,"date":"2019-05-13T15:31:53","date_gmt":"2019-05-13T13:31:53","guid":{"rendered":"https:\/\/zjarr.tv\/?p=83765"},"modified":"2019-05-13T15:31:53","modified_gmt":"2019-05-13T13:31:53","slug":"dhuna-ne-protesten-e-te-shtunes-pd-i-kerkon-prokurorise-te-hetoje-lleshaj","status":"publish","type":"post","link":"https:\/\/zjarr.tv\/sq\/dhuna-ne-protesten-e-te-shtunes-pd-i-kerkon-prokurorise-te-hetoje-lleshaj\/","title":{"rendered":"Dhuna n\u00eb protest\u00ebn e t\u00eb shtun\u00ebs, PD i k\u00ebrkon prokuroris\u00eb t\u00eb hetoj\u00eb Lleshaj"},"content":{"rendered":"<p>Partia Demokratike i k\u00ebrkoi prokuris\u00eb t\u00eb nis\u00eb menj\u00ebher\u00eb hetimet p\u00ebr Ministrin e Brendsh\u00ebm, Sand\u00ebr Lleshaj. Duke e akuzuar si urdh\u00ebrues t\u00eb dhun\u00ebs n\u00eb protest\u00ebn e t\u00eb shtun\u00ebs, Alibeaj tha se Sand\u00ebr Lleshaj dhe \u00e7do bandit me uniform\u00eb q\u00eb zbaton urdhrat e tij t\u00eb paligjsh\u00ebm p\u00ebr t\u00eb goditur opozit\u00ebn, do t\u00eb mbajn\u00eb p\u00ebrgjegj\u00ebsi personale.<\/p>\n<p><strong>DEKLARATA E ENKELEJD ALIBEAJ<\/strong><\/p>\n<p>&nbsp;<\/p>\n<p><em>Partia Demokratike d\u00ebnon me ashp\u00ebrsi dhun\u00ebn kriminale t\u00eb policis\u00eb kund\u00ebr protestuesve t\u00eb shtun\u00ebn dhe kund\u00ebr sekretarit organizativ Sahit Dollapi.<\/em><\/p>\n<p><em>Sand\u00ebr Lleshaj, ky mbeturin\u00eb tranzicionit shqiptar do t\u00eb mbaj\u00eb p\u00ebrgjegj\u00ebsi personale p\u00ebr urdhrat e paligjsh\u00ebm q\u00eb i ka dh\u00ebn\u00eb policis\u00eb p\u00ebr goditjen e qytetar\u00ebve me gaz helmues luftarak dhe p\u00ebr p\u00ebrdorimin e dhun\u00ebs fizike kund\u00ebr protestuesve paqsor\u00eb.<\/em><\/p>\n<p><em>Partia Demokratike disponon t\u00eb dh\u00ebna t\u00eb mjaftueshme p\u00ebr ta \u00e7uar sadistin Sand\u00ebr Lleshajn para drejt\u00ebsis\u00eb p\u00ebr shkelje flagrante t\u00eb ligjit t\u00eb policis\u00eb s\u00eb shtetit!<\/em><\/p>\n<p><em>Prokuroria duhet t\u00eb nis\u00eb hetimet e menj\u00ebhershme p\u00ebr t\u00eb provuar se urdhri p\u00ebr dhun\u00ebn shtazarake kund\u00ebr qytetar\u00ebve \u00ebsht\u00eb dh\u00ebn\u00eb nga Sand\u00ebr Lleshaj me porosi t\u00eb Edi Ram\u00ebs. \u00a0Sand\u00ebr Lleshaj, Drejtori i P\u00ebrgjithsh\u00ebm i Policis\u00eb Ardi Veliu, Drejtori i Policis\u00eb s\u00eb Tiran\u00ebs, Rebani Jaupi dhe krimineli tjet\u00ebr me uniform\u00eb Arben Baro duhet t\u00eb shkarkohen nga detyra dhe t\u00eb hetohen menj\u00ebher\u00eb.<\/em><\/p>\n<p><em>Ka prova filmike se Sand\u00ebr Lleshaj, i cili n\u00eb shkelje t\u00eb ligjit komandon operacionet e policis\u00eb kund\u00ebr opozit\u00ebs, \u00ebsht\u00eb duke u larguar si hajdut nga dera dyt\u00ebsore e Drejtoris\u00eb s\u00eb P\u00ebrgjithshme t\u00eb Policis\u00eb s\u00eb Shtetit, pasi njoftohet t\u00eb shtun\u00ebn n\u00eb mbr\u00ebmje p\u00ebr zhvendosjen e protest\u00ebs s\u00eb opozit\u00ebs.<\/em><\/p>\n<p><em>Bashkimi yn\u00eb n\u00eb marshimin e protest\u00ebs sot ne oren 18:30, p\u00ebr zgjedhje t\u00eb lira e t\u00eb ndershme t\u00eb garantuara nga nj\u00eb qeveri e p\u00ebrkohshme pa kryehajdutin Edi Rama, \u00ebsht\u00eb beteja e v\u00ebrtet\u00eb europiane, q\u00eb e nxjerr Shqip\u00ebrin\u00eb nga udh\u00ebkryqi i rreziksh\u00ebm dhe siguron stabilitet afatgjat\u00eb p\u00ebr vendin.<\/em><\/p>\n<p><em>Ne jemi sot ne krah t\u00eb popullit p\u00ebr t\u2019i th\u00ebn\u00eb Edi Ram\u00ebs dhe kujtdo tjet\u00ebr q\u00eb ka vendosur t\u00eb ndjek\u00eb rrug\u00ebn e dhun\u00ebs dhe t\u00eb destabilitetit, se shqiptar\u00ebt e bashkuar dhe opozita nuk gjunj\u00ebzohen p\u00ebrpara dhun\u00ebs shtazarake t\u00eb nj\u00eb qeverie q\u00eb ka ardhur n\u00eb pushtet me votat e blera me krimin e organizuar.<\/em><\/p>\n<p>&nbsp;<\/p>\n","protected":false},"excerpt":{"rendered":"<p>Partia Demokratike i k\u00ebrkoi prokuris\u00eb t\u00eb nis\u00eb menj\u00ebher\u00eb hetimet p\u00ebr Ministrin e Brendsh\u00ebm, Sand\u00ebr Lleshaj. Duke e akuzuar si urdh\u00ebrues t\u00eb dhun\u00ebs n\u00eb protest\u00ebn e t\u00eb shtun\u00ebs, Alibeaj tha se Sand\u00ebr Lleshaj dhe \u00e7do bandit me uniform\u00eb q\u00eb zbaton urdhrat e tij t\u00eb paligjsh\u00ebm p\u00ebr t\u00eb goditur opozit\u00ebn, do t\u00eb mbajn\u00eb p\u00ebrgjegj\u00ebsi personale. DEKLARATA E [&hellip;]<\/p>\n","protected":false},"author":2013,"featured_media":49973,"comment_status":"open","ping_status":"closed","sticky":false,"template":"","format":"standard","meta":{"footnotes":""},"categories":[241,235],"tags":[],"class_list":{"0":"post-83765","1":"post","2":"type-post","3":"status-publish","4":"format-standard","5":"has-post-thumbnail","7":"category-aktualitet","8":"category-vendi"},"_links":{"self":[{"href":"https:\/\/zjarr.tv\/sq\/wp-json\/wp\/v2\/posts\/83765","targetHints":{"allow":["GET"]}}],"collection":[{"href":"https:\/\/zjarr.tv\/sq\/wp-json\/wp\/v2\/posts"}],"about":[{"href":"https:\/\/zjarr.tv\/sq\/wp-json\/wp\/v2\/types\/post"}],"author":[{"embeddable":true,"href":"https:\/\/zjarr.tv\/sq\/wp-json\/wp\/v2\/users\/2013"}],"replies":[{"embeddable":true,"href":"https:\/\/zjarr.tv\/sq\/wp-json\/wp\/v2\/comments?post=83765"}],"version-history":[{"count":0,"href":"https:\/\/zjarr.tv\/sq\/wp-json\/wp\/v2\/posts\/83765\/revisions"}],"wp:featuredmedia":[{"embeddable":true,"href":"https:\/\/zjarr.tv\/sq\/wp-json\/wp\/v2\/media\/49973"}],"wp:attachment":[{"href":"https:\/\/zjarr.tv\/sq\/wp-json\/wp\/v2\/media?parent=83765"}],"wp:term":[{"taxonomy":"category","embeddable":true,"href":"https:\/\/zjarr.tv\/sq\/wp-json\/wp\/v2\/categories?post=83765"},{"taxonomy":"post_tag","embeddable":true,"href":"https:\/\/zjarr.tv\/sq\/wp-json\/wp\/v2\/tags?post=83765"}],"curies":[{"name":"wp","href":"https:\/\/api.w.org\/{rel}","templated":true}]}}