{"id":83770,"date":"2019-05-13T15:37:44","date_gmt":"2019-05-13T13:37:44","guid":{"rendered":"https:\/\/zjarr.tv\/?p=83770"},"modified":"2019-05-13T15:37:44","modified_gmt":"2019-05-13T13:37:44","slug":"kostot-e-luftes-tregtare-shba-humb-1-mln-vende-pune-per-shkak-te-konfliktit-me-kinen","status":"publish","type":"post","link":"https:\/\/zjarr.tv\/sq\/kostot-e-luftes-tregtare-shba-humb-1-mln-vende-pune-per-shkak-te-konfliktit-me-kinen\/","title":{"rendered":"Kostot e luft\u00ebs tregtare, SHBA humb 1 mln vende pune p\u00ebr shkak t\u00eb konfliktit me Kin\u00ebn"},"content":{"rendered":"<p><em>Lufta tregtare me Kin\u00ebn pritet t&#8217;i kushtoj\u00eb Shteteve t\u00eb Bashkuara rreth 1 milion\u00eb vende pun\u00eb dhe rritje m\u00eb t\u00eb vog\u00ebl ekonomike. Ekspert\u00ebt kinez\u00eb presin q\u00eb kostot e mas\u00ebs s\u00eb fundit fiskale do i r\u00ebndojn\u00eb m\u00eb s\u00eb shumti pal\u00ebs amerikane. Nd\u00ebrkaq m\u00ebsohet se president\u00ebt e dy ekonomive m\u00eb t\u00eb fuqishme t\u00eb bot\u00ebs mund t\u00eb takohen muajin e ardhsh\u00ebm p\u00ebr t\u00eb eksploruar mund\u00ebsit\u00eb e zbutjes s\u00eb konfliktit.<\/em><\/p>\n<p>Nj\u00eb grup ekspert\u00ebsh t\u00eb mbledhur n\u00eb Pekin arrit\u00ebn t\u00eb diel\u00ebn n\u00eb p\u00ebrfundimin se rritja nga 10 n\u00eb 25 p\u00ebr qind e tarifave q\u00eb SHBA-ja ka parashikuar ndaj importeve kineze do t\u00eb ndjehet m\u00eb s\u00eb pari nga konsumator\u00ebt amerikan\u00eb.<\/p>\n<p>Sipas tyre, kostot e tarifave do i paguajn\u00eb importuesit vend\u00ebs dhe jo ata n\u00eb Kin\u00eb.<\/p>\n<p>Ministria e Jashtme e Kin\u00ebs po ashtu deklaroi se vendi nuk do i n\u00ebnshtrohet asnj\u00eb presioni t\u00eb huaj, dhe do t\u00eb b\u00ebj\u00eb t\u00eb ditur s\u00eb shpejti kund\u00ebrp\u00ebrgjigjen ndaj proteksionizmit amerikan.<\/p>\n<p>Z\u00ebdh\u00ebn\u00ebsi i Ministris\u00eb, Geng Shuang, tha se pala kineze k\u00ebrkon p\u00ebrmbushjen e tri k\u00ebrkesave: heqjen e tarifave, vendosjen e objektivave tregtar\u00eb mbi baz\u00ebn e k\u00ebrkes\u00eb-ofert\u00ebs, dhe nj\u00eb marr\u00ebveshje dinjitoze dhe t\u00eb balancuar p\u00ebr t\u00eb dyja pal\u00ebt.<\/p>\n<p>Nd\u00ebrsa Uashingtoni p\u00ebrs\u00ebriti q\u00ebndrimin se marr\u00ebveshja e dakord\u00ebsuar prej disa muajsh ishte shkelur nj\u00ebanshm\u00ebrisht.<\/p>\n<p>Presidenti amerikan Donald Trump inkurajoi kompanit\u00eb m\u00eb t\u00eb m\u00ebdha amerikane q\u00eb t&#8217;i fabrikojn\u00eb produktet q\u00eb ju nevojiten brenda vendit ose t&#8217;i importojn\u00eb ato nga shtete t\u00eb cilat nuk tarifohen si Kina.<\/p>\n<p>N\u00eb fundjav\u00eb, k\u00ebshilltari m\u00eb i lart\u00eb i Presidentit amerikan paralajm\u00ebroi mund\u00ebsin\u00eb e tarifimit t\u00eb produkteve kineze shtes\u00eb me vler\u00eb rreth 300 miliard\u00eb dollar\u00eb.<\/p>\n<p>Ai informoi se ka shum\u00eb mund\u00ebsi q\u00eb Trump dhe homologu i tij kinez, Shi Xhinping, do t\u00eb takohen muajin e ardhsh\u00ebm n\u00eb kuadrin e samitit G20 n\u00eb Japoni p\u00ebr t\u00eb sheshuar pik\u00ebpamjet rreth konfliktit tregtar.<\/p>\n<p>&nbsp;<\/p>\n","protected":false},"excerpt":{"rendered":"<p>Lufta tregtare me Kin\u00ebn pritet t&#8217;i kushtoj\u00eb Shteteve t\u00eb Bashkuara rreth 1 milion\u00eb vende pun\u00eb dhe rritje m\u00eb t\u00eb vog\u00ebl ekonomike. Ekspert\u00ebt kinez\u00eb presin q\u00eb kostot e mas\u00ebs s\u00eb fundit fiskale do i r\u00ebndojn\u00eb m\u00eb s\u00eb shumti pal\u00ebs amerikane. Nd\u00ebrkaq m\u00ebsohet se president\u00ebt e dy ekonomive m\u00eb t\u00eb fuqishme t\u00eb bot\u00ebs mund t\u00eb takohen muajin [&hellip;]<\/p>\n","protected":false},"author":2013,"featured_media":0,"comment_status":"open","ping_status":"closed","sticky":false,"template":"","format":"standard","meta":{"footnotes":""},"categories":[241,191],"tags":[],"class_list":{"0":"post-83770","1":"post","2":"type-post","3":"status-publish","4":"format-standard","6":"category-aktualitet","7":"category-bota"},"_links":{"self":[{"href":"https:\/\/zjarr.tv\/sq\/wp-json\/wp\/v2\/posts\/83770","targetHints":{"allow":["GET"]}}],"collection":[{"href":"https:\/\/zjarr.tv\/sq\/wp-json\/wp\/v2\/posts"}],"about":[{"href":"https:\/\/zjarr.tv\/sq\/wp-json\/wp\/v2\/types\/post"}],"author":[{"embeddable":true,"href":"https:\/\/zjarr.tv\/sq\/wp-json\/wp\/v2\/users\/2013"}],"replies":[{"embeddable":true,"href":"https:\/\/zjarr.tv\/sq\/wp-json\/wp\/v2\/comments?post=83770"}],"version-history":[{"count":0,"href":"https:\/\/zjarr.tv\/sq\/wp-json\/wp\/v2\/posts\/83770\/revisions"}],"wp:attachment":[{"href":"https:\/\/zjarr.tv\/sq\/wp-json\/wp\/v2\/media?parent=83770"}],"wp:term":[{"taxonomy":"category","embeddable":true,"href":"https:\/\/zjarr.tv\/sq\/wp-json\/wp\/v2\/categories?post=83770"},{"taxonomy":"post_tag","embeddable":true,"href":"https:\/\/zjarr.tv\/sq\/wp-json\/wp\/v2\/tags?post=83770"}],"curies":[{"name":"wp","href":"https:\/\/api.w.org\/{rel}","templated":true}]}}