{"id":83772,"date":"2019-05-13T15:40:28","date_gmt":"2019-05-13T13:40:28","guid":{"rendered":"https:\/\/zjarr.tv\/?p=83772"},"modified":"2019-05-13T15:40:28","modified_gmt":"2019-05-13T13:40:28","slug":"thaci-samiti-i-berlinit-i-organizuar-ne-koordinim-te-plote-me-shba-ne","status":"publish","type":"post","link":"https:\/\/zjarr.tv\/sq\/thaci-samiti-i-berlinit-i-organizuar-ne-koordinim-te-plote-me-shba-ne\/","title":{"rendered":"Tha\u00e7i: Samiti i Berlinit i organizuar n\u00eb koordinim t\u00eb plot\u00eb me SHBA-n\u00eb"},"content":{"rendered":"<p>Samiti i Berlinit ka qen\u00eb i organizuar n\u00eb koordinim t\u00eb plot\u00eb nd\u00ebrmjet Gjermanis\u00eb dhe Shteteve t\u00eb Bashkuara t\u00eb Amerik\u00ebs. Nj\u00eb zyrtar gjerman i ka th\u00ebn\u00eb Gazet\u00ebs Express se ata p\u00ebr \u00e7\u00ebshtjet q\u00eb kan\u00eb t\u00eb b\u00ebjn\u00eb me Kosov\u00ebn dhe Serbin\u00eb, kan\u00eb nj\u00eb komunikim dhe bashk\u00ebpunim konstant me Sht\u00ebpin\u00eb e Bardh\u00eb, duke hedhur posht\u00eb pretendimet e Tha\u00e7it se n\u00eb Berlin nuk kishte koordinim gjermano-amerikan.<\/p>\n<p>Presidenti i Kosov\u00ebs, Hashim Tha\u00e7i, \u00ebsht\u00eb munduar q\u00eb vazhdimisht ta zhvleft\u00ebsoj\u00eb at\u00eb q\u00eb ka ndodhur n\u00eb Samitin e Berlinit, q\u00eb u mbajt muajin e kaluar, n\u00ebn organizimin franko-gjerman.\u00a0 Sipas tij, gjith\u00e7ka q\u00eb ka ndodhur n\u00eb kryeqendr\u00ebn gjermane, nuk ishte n\u00eb koordinim mes nikoqir\u00ebve dhe ShBA-s\u00eb, ani pse k\u00ebt\u00eb mund ta kishte kuptuar n\u00eb Berlin n\u00eb dit\u00ebn e Samitit kur pala kosovare kishte shkuar p\u00ebr takim me Ambasadorin amerikan n\u00eb kryeqytetin gjerman. Por, Tha\u00e7i at\u00eb dit\u00eb s\u2019kishte b\u00ebr\u00eb z\u00eb, \u201cmoskoordinimi\u201d europiano-amerikan i ka r\u00ebn\u00eb n\u00eb mend disa dit\u00eb pas kthimit n\u00eb atdhe p\u00ebr ta p\u00ebrdorur n\u00ebp\u00ebr studio televizive.<\/p>\n<p>\u201cUn\u00eb kam qen\u00eb i tmerruar kur u informova se p\u00ebr Samitin e Berlinit nuk ka pasur informim dhe komunikim me SHBA. Aty ku nuk jan\u00eb SHBA nuk ka sukses, nuk ka progres, nuk ka siguri as p\u00ebr dialog, as p\u00ebr negociata dhe pas p\u00ebr ndonj\u00eb implementim.\u201d, kishte deklaruar Tha\u00e7i me 9 maj n\u00eb nj\u00eb intervist\u00eb p\u00ebr \u2018Ora Ne\u00ebs\u2019<\/p>\n<p>Mir\u00ebpo k\u00ebto pretendime t\u00eb Hashim Tha\u00e7it jan\u00eb demantuar sot nga Qeveria e kancelares, Angela Merkel, n\u00eb nj\u00eb p\u00ebrgjigje ekskluzive p\u00ebr Gazet\u00ebn Express.<\/p>\n<p>Ata thon\u00eb se Samiti i Berlinit ishte organizuar n\u00eb bashk\u00ebpunim\u00a0 t\u00eb plot\u00eb me Shtetet e Bashkuara t\u00eb Amerik\u00ebs, duke specifikuar se p\u00ebr \u00e7\u00ebshtjet q\u00eb kan\u00eb t\u00eb b\u00ebjn\u00eb me Ballkanin Per\u00ebndimor respektivisht Kosov\u00ebn dhe Serbin\u00eb, kan\u00eb koordinim t\u00eb ngusht\u00eb dhe t\u00eb vazhduesh\u00ebm me SHBA-n\u00eb.<\/p>\n<p>\u201cKancelarja e Gjermanis\u00eb dhe presidenti i Franc\u00ebs, kan\u00eb ftuar krer\u00ebt e shtetit dhe t\u00eb Qeveris\u00eb s\u00eb gjasht\u00eb shteteve t\u00eb Ballkanit Per\u00ebndimor, Kroacis\u00eb dhe Sllovenis\u00eb, dhe p\u00ebrfaq\u00ebsuesen e lart\u00eb dhe z\u00ebvend\u00ebs presidenten e Komisionit Evropian, Federika Mogherinin. Qeveria gjermane sigurisht q\u00eb \u00ebsht\u00eb n\u00eb koordinim t\u00eb ngusht\u00eb dhe konstant me Shtetet e Bashkuara t\u00eb Amerik\u00ebs n\u00eb nivele dhe \u00e7\u00ebshtje t\u00eb ndryshme, p\u00ebrfshir\u00eb k\u00ebtu edhe situat\u00ebn n\u00eb Ballkanin Per\u00ebndimor\u201d kan\u00eb th\u00ebn\u00eb p\u00ebr Gazet\u00ebn Express nga Zyra p\u00ebr Media e Qeveris\u00eb s\u00eb kancelares, Angela Merkel.<\/p>\n<p>Por ata nuk kan\u00eb pranuar t\u00eb tregojn\u00eb detaje t\u00eb holl\u00ebsishme rreth bashk\u00ebpunimit gjermano-amerikan, sa i p\u00ebrket\u00a0 \u00e7\u00ebshtjeve q\u00eb kan\u00eb t\u00eb b\u00ebjn\u00eb rreth Kosov\u00ebs dhe Serbis\u00eb.<\/p>\n<p>\u201cMegjithat\u00eb ju lutemi ta na kuptoni se nuk mund t\u00eb japim m\u00eb shum\u00eb detaje rreth k\u00ebtij koordinimi\u201d, thuhet n\u00eb p\u00ebrgjigje.<\/p>\n<p>Presidenti Tha\u00e7i, p\u00ebrve\u00e7 q\u00eb \u00ebsht\u00eb munduar t\u00eb zhvleft\u00ebsoj\u00eb at\u00eb q\u00eb ka ndodhur n\u00eb Berlin, ka th\u00ebn\u00eb se n\u00ebse nuk do t\u00eb p\u00ebrfshihen SHBA-t\u00eb edhe n\u00eb Samitin e Parisit, at\u00ebher\u00eb nga nj\u00eb takim i till\u00eb nuk mund t\u00eb pritet ndonj\u00eb rezultat, pasi sipas tij pa p\u00ebrfshirjen e SHBA-ve nuk mund t\u00eb zgjidhet problemi nd\u00ebrmjet Kosov\u00ebs dhe Serbis\u00eb.<\/p>\n<p>Sa i p\u00ebrket Samitit t\u00eb Parisit, n\u00eb Qeverin\u00eb Gjermane thon\u00eb q\u00eb p\u00ebr momentin nuk mund t\u00eb japin detaje rreth organizimit.<\/p>\n<p>\u201cN\u00eb k\u00ebt\u00eb koh\u00eb, ne nuk mund t\u2019iu japim detaje rreth planeve p\u00ebr takimin n\u00eb Paris\u201d, p\u00ebrfundon p\u00ebrgjigja e zyr\u00ebs p\u00ebr media t\u00eb kancelares gjermane, dh\u00ebn\u00eb p\u00ebr Express.<\/p>\n<p>E se kishte koordinim n\u00eb mes t\u00eb Merkelit, Markonit e SHBA-s\u00eb p\u00ebr organizmin e Samitit t\u00eb Berlinit e thot\u00eb edhe ish-kryenegociatorja q\u00eb ka udh\u00ebhequr me bisedimet Kosov\u00eb-Serbi p\u00ebr rreth 7 vjet, Edita Tahiri.<\/p>\n<p>Tahiri n\u00eb nj\u00eb intervist\u00eb p\u00ebr Gazet\u00ebn Express, ka th\u00ebn\u00eb se Hashim Tha\u00e7i, po manipulon, pasi q\u00eb edhe vet\u00eb ai e di q\u00eb p\u00ebr takimin n\u00eb Berlin kishte koordinim mes Gjermanis\u00eb, Franc\u00ebs dhe SHBA-s\u00eb.<\/p>\n<p>Sipas saj, k\u00ebto deklarime t\u00eb Tha\u00e7it dhe kjo tendenc\u00eb e tij p\u00ebr t\u00eb paraqitur si di\u00e7ka t\u00eb par\u00ebnd\u00ebsishme at\u00eb q\u00eb ka ndodhur n\u00eb Berlin, vijn\u00eb p\u00ebr shkak se atje \u00ebsht\u00eb groposur ideja e tij p\u00ebr korrigjim t\u00eb kufijve nd\u00ebrmjet Kosov\u00ebs dhe Serbis\u00eb.<\/p>\n<p>\u201cArsyeja \u00ebsht\u00eb e qart\u00eb. T\u00eb gjith\u00eb e kemi pa. Fakti q\u00eb Samiti i Berlinit i fundosi k\u00ebta politikan\u00eb shkurtpam\u00ebs, si\u00e7 \u00ebsht\u00eb vet\u00eb Tha\u00e7i, Rama, Vucic e Mogherini, dhe ky d\u00ebshtim ishte nj\u00eb fitore p\u00ebr Kosov\u00ebn. K\u00ebto deklarata q\u00eb b\u00ebhen jan\u00eb sa p\u00ebr t\u00eb mbuluar d\u00ebshtimin, por s\u2019kan\u00eb kurrfar\u00eb vlere. K\u00ebto jan\u00eb deklarata manipulative, gj\u00ebja me e vendos n\u00eb hije d\u00ebshtimin\u201d thot\u00eb ajo duke rikujtuar se Samiti i Berlinit ishte historik p\u00ebr Kosov\u00ebn\u201d, ka th\u00ebn\u00eb\u00a0 Tahiri t\u00eb shtun\u00ebn p\u00ebr Gazet\u00ebn Express.<\/p>\n<p>Nd\u00ebrkoh\u00eb p\u00ebrve\u00e7 ish-ministres p\u00ebr Dialogun, Samitin e Berlinit e kan\u00eb par\u00eb si jasht\u00ebzakonisht t\u00eb suksessh\u00ebm edhe shum\u00eb deputet\u00eb t\u00eb Bundestagut gjerman.<\/p>\n<p>Ata kan\u00eb th\u00ebn\u00eb se jan\u00eb t\u00eb g\u00ebzuar q\u00eb n\u00eb Berlin mori fund nj\u00eb ide q\u00eb do t\u00eb mund t\u00eb rikthente konfliktet e vjetra n\u00eb Ballkan.<\/p>\n<p>Samiti i Berlinit do t\u00eb ket\u00eb si vazhdim\u00ebsi Samitin q\u00eb do t\u00eb mbahet me 1 korrik t\u00eb k\u00ebtij viti n\u00eb Paris, e ku do t\u00eb marrin pjes\u00eb vet\u00ebm p\u00ebrfaq\u00ebsues t\u00eb Kosov\u00ebs, Serbis\u00eb, me nd\u00ebrmjet\u00ebsuesit Merkel dhe Mogherini.<\/p>\n<p>K\u00ebt\u00eb e ka konfirmuar kryeministri Ramush Haradinaj, n\u00eb nj\u00eb intervist\u00eb dh\u00ebn\u00eb televizionit T7 nj\u00eb dit\u00eb pas Samitit t\u00eb Berlinit.<\/p>\n<p>\u201cNuk ka m\u00eb dialog t\u00eb Mogherinit. Tashm\u00eb \u00ebsht\u00eb nj\u00eb format i ri i dialogut, q\u00eb udh\u00ebhiqet nga kancelarja Merkel dhe presidenti Makron, kishte th\u00ebn\u00eb Haradinaj.<\/p>\n<p>Para udh\u00ebtimit n\u00eb Paris me 1 korrik, Tha\u00e7i ka paralajm\u00ebruar se mund t\u00eb ket\u00eb nj\u00eb vizit\u00eb p\u00ebr n\u00eb Shtetet e Bashkuara, megjithat\u00eb nuk ka dh\u00ebn\u00eb detaje p\u00ebr di\u00e7ka t\u00eb till\u00eb.<\/p>\n<p>&nbsp;<\/p>\n","protected":false},"excerpt":{"rendered":"<p>Samiti i Berlinit ka qen\u00eb i organizuar n\u00eb koordinim t\u00eb plot\u00eb nd\u00ebrmjet Gjermanis\u00eb dhe Shteteve t\u00eb Bashkuara t\u00eb Amerik\u00ebs. Nj\u00eb zyrtar gjerman i ka th\u00ebn\u00eb Gazet\u00ebs Express se ata p\u00ebr \u00e7\u00ebshtjet q\u00eb kan\u00eb t\u00eb b\u00ebjn\u00eb me Kosov\u00ebn dhe Serbin\u00eb, kan\u00eb nj\u00eb komunikim dhe bashk\u00ebpunim konstant me Sht\u00ebpin\u00eb e Bardh\u00eb, duke hedhur posht\u00eb pretendimet e Tha\u00e7it [&hellip;]<\/p>\n","protected":false},"author":2013,"featured_media":69702,"comment_status":"open","ping_status":"closed","sticky":false,"template":"","format":"standard","meta":{"footnotes":""},"categories":[241,2],"tags":[],"class_list":{"0":"post-83772","1":"post","2":"type-post","3":"status-publish","4":"format-standard","5":"has-post-thumbnail","7":"category-aktualitet","8":"category-rajoni"},"_links":{"self":[{"href":"https:\/\/zjarr.tv\/sq\/wp-json\/wp\/v2\/posts\/83772","targetHints":{"allow":["GET"]}}],"collection":[{"href":"https:\/\/zjarr.tv\/sq\/wp-json\/wp\/v2\/posts"}],"about":[{"href":"https:\/\/zjarr.tv\/sq\/wp-json\/wp\/v2\/types\/post"}],"author":[{"embeddable":true,"href":"https:\/\/zjarr.tv\/sq\/wp-json\/wp\/v2\/users\/2013"}],"replies":[{"embeddable":true,"href":"https:\/\/zjarr.tv\/sq\/wp-json\/wp\/v2\/comments?post=83772"}],"version-history":[{"count":0,"href":"https:\/\/zjarr.tv\/sq\/wp-json\/wp\/v2\/posts\/83772\/revisions"}],"wp:featuredmedia":[{"embeddable":true,"href":"https:\/\/zjarr.tv\/sq\/wp-json\/wp\/v2\/media\/69702"}],"wp:attachment":[{"href":"https:\/\/zjarr.tv\/sq\/wp-json\/wp\/v2\/media?parent=83772"}],"wp:term":[{"taxonomy":"category","embeddable":true,"href":"https:\/\/zjarr.tv\/sq\/wp-json\/wp\/v2\/categories?post=83772"},{"taxonomy":"post_tag","embeddable":true,"href":"https:\/\/zjarr.tv\/sq\/wp-json\/wp\/v2\/tags?post=83772"}],"curies":[{"name":"wp","href":"https:\/\/api.w.org\/{rel}","templated":true}]}}