{"id":83778,"date":"2019-05-13T16:17:53","date_gmt":"2019-05-13T14:17:53","guid":{"rendered":"https:\/\/zjarr.tv\/?p=83778"},"modified":"2019-05-13T16:17:53","modified_gmt":"2019-05-13T14:17:53","slug":"rudina-hajdari-te-shmanget-perplasja-kundershtaret-politike-nuk-jane-armiqte-tane","status":"publish","type":"post","link":"https:\/\/zjarr.tv\/sq\/rudina-hajdari-te-shmanget-perplasja-kundershtaret-politike-nuk-jane-armiqte-tane\/","title":{"rendered":"Rudina Hajdari: T\u00eb shmanget p\u00ebrplasja, kund\u00ebrshtar\u00ebt politik\u00eb nuk jan\u00eb armiqt\u00eb tan\u00eb"},"content":{"rendered":"<p>Deputetja demokrate, Rudina Hajdari pak or\u00eb para protest\u00ebs s\u00eb opozit\u00ebs ka b\u00ebr\u00eb nj\u00eb thirrje q\u00eb t\u00eb shmanget dhuna.<\/p>\n<p>&#8220;Kund\u00ebrshtar\u00ebt politik\u00eb nuk jan\u00eb armiqt\u00eb tan\u00eb&#8221;, shkruan Hajdari n\u00eb Facebook.<\/p>\n<p><strong>Rudina Hajdari n\u00eb Facebook:<\/strong>\u00a0<em>Duke marr\u00eb parasysh pasojat e dhun\u00ebs t\u00eb s\u00eb shtun\u00ebs dhe duke i uruar sh\u00ebrim t\u00eb shpejt\u00eb Sahit Dollapit dhe t\u00eb gjith\u00eb t\u00eb l\u00ebnduar\u00ebve, uroj q\u00eb t\u00eb shmangim p\u00ebrplasjen v\u00ebllaz\u00ebrore sot. Kund\u00ebrshtar\u00ebt politik\u00eb nuk jan\u00eb armiqt\u00eb tan\u00eb dhe sjellja barbare i b\u00ebn t\u00eb baraz-fajshme t\u00eb dyja krah\u00ebt.<\/em><\/p>\n<p>&nbsp;<\/p>\n","protected":false},"excerpt":{"rendered":"<p>Deputetja demokrate, Rudina Hajdari pak or\u00eb para protest\u00ebs s\u00eb opozit\u00ebs ka b\u00ebr\u00eb nj\u00eb thirrje q\u00eb t\u00eb shmanget dhuna. &#8220;Kund\u00ebrshtar\u00ebt politik\u00eb nuk jan\u00eb armiqt\u00eb tan\u00eb&#8221;, shkruan Hajdari n\u00eb Facebook. Rudina Hajdari n\u00eb Facebook:\u00a0Duke marr\u00eb parasysh pasojat e dhun\u00ebs t\u00eb s\u00eb shtun\u00ebs dhe duke i uruar sh\u00ebrim t\u00eb shpejt\u00eb Sahit Dollapit dhe t\u00eb gjith\u00eb t\u00eb l\u00ebnduar\u00ebve, uroj [&hellip;]<\/p>\n","protected":false},"author":2013,"featured_media":54116,"comment_status":"open","ping_status":"closed","sticky":false,"template":"","format":"standard","meta":{"footnotes":""},"categories":[241,235],"tags":[],"class_list":{"0":"post-83778","1":"post","2":"type-post","3":"status-publish","4":"format-standard","5":"has-post-thumbnail","7":"category-aktualitet","8":"category-vendi"},"_links":{"self":[{"href":"https:\/\/zjarr.tv\/sq\/wp-json\/wp\/v2\/posts\/83778","targetHints":{"allow":["GET"]}}],"collection":[{"href":"https:\/\/zjarr.tv\/sq\/wp-json\/wp\/v2\/posts"}],"about":[{"href":"https:\/\/zjarr.tv\/sq\/wp-json\/wp\/v2\/types\/post"}],"author":[{"embeddable":true,"href":"https:\/\/zjarr.tv\/sq\/wp-json\/wp\/v2\/users\/2013"}],"replies":[{"embeddable":true,"href":"https:\/\/zjarr.tv\/sq\/wp-json\/wp\/v2\/comments?post=83778"}],"version-history":[{"count":0,"href":"https:\/\/zjarr.tv\/sq\/wp-json\/wp\/v2\/posts\/83778\/revisions"}],"wp:featuredmedia":[{"embeddable":true,"href":"https:\/\/zjarr.tv\/sq\/wp-json\/wp\/v2\/media\/54116"}],"wp:attachment":[{"href":"https:\/\/zjarr.tv\/sq\/wp-json\/wp\/v2\/media?parent=83778"}],"wp:term":[{"taxonomy":"category","embeddable":true,"href":"https:\/\/zjarr.tv\/sq\/wp-json\/wp\/v2\/categories?post=83778"},{"taxonomy":"post_tag","embeddable":true,"href":"https:\/\/zjarr.tv\/sq\/wp-json\/wp\/v2\/tags?post=83778"}],"curies":[{"name":"wp","href":"https:\/\/api.w.org\/{rel}","templated":true}]}}