{"id":83780,"date":"2019-05-13T16:19:10","date_gmt":"2019-05-13T14:19:10","guid":{"rendered":"https:\/\/zjarr.tv\/?p=83780"},"modified":"2019-05-13T16:19:10","modified_gmt":"2019-05-13T14:19:10","slug":"ne-1830-rama-ik-nisen-autobuset-nga-berati-lezha-e-shkodra","status":"publish","type":"post","link":"https:\/\/zjarr.tv\/sq\/ne-1830-rama-ik-nisen-autobuset-nga-berati-lezha-e-shkodra\/","title":{"rendered":"N\u00eb 18:30 &#8220;Rama ik!&#8221;, nisen autobuset nga Berati, Lezha e Shkodra"},"content":{"rendered":"<p>Mb\u00ebshtet\u00ebsit e PD-se nga rrethet po vijn\u00eb drejt Tiran\u00ebs p\u00ebr tiu bashkuar protest\u00ebs para Kryeministris\u00eb n\u00eb or\u00ebn 18:30 t\u00eb pasdites s\u00eb sotme. Gazetar\u00ebt e RTV Ora informojn\u00eb se autobus\u00eb apo makina private me mb\u00ebshtet\u00ebs jan\u00eb nisur nga Shkodra, Berati por dhe Lezha.<\/p>\n<p>Vendimi p\u00ebr mbajtjen e t\u00eb pest\u00ebs protest\u00eb komb\u00ebtare radhazi erdhi pas nj\u00eb mbledhje urgjente t\u00eb mbajtur nga strukturat drejtuese t\u00eb PD-s\u00eb dhe aleat\u00ebt mesnat\u00ebn e t\u00eb shtun\u00ebs.<\/p>\n<p>Partia Demokratike dhe aleat\u00ebt e saj opozitar\u00eb i kan\u00eb ftuar qytetar\u00ebt sot n\u00eb nj\u00eb tjet\u00ebr protest\u00eb komb\u00ebtare \u201cp\u00ebr Shqip\u00ebrin\u00eb si Europa\u201d, por ndryshe nga manifestinet e tjera antiqeveritare, ky i sotmi do t\u00eb jet\u00eb nj\u00eb marshim proteste.<\/p>\n<p>Qytetar\u00ebt jan\u00eb ftuar n\u00eb k\u00ebt\u00eb marshim proteste p\u00ebr mbrojtjen e demokracis\u00eb dhe shk\u00ebputjes s\u00eb politik\u00ebs nga krimi, si garanci p\u00ebr zgjedhje t\u00eb lira e t\u00eb ndershme dhe qeverisje t\u00eb p\u00ebrgjegjshne qe punon p\u00ebr mir\u00ebqenien e qytetar\u00ebve.<\/p>\n<p>N\u00eb k\u00ebt\u00eb protest\u00eb mungon Sekretari Organizativ i PD, Sait Dollapi, i cili po merr trajtim intensiv n\u00eb spital nga plag\u00ebt e r\u00ebnda t\u00eb dhun\u00ebs. Sait Dollapi ka qen\u00eb n\u00eb \u00e7do protest\u00eb pik\u00eb kontakti p\u00ebr policin\u00eb, si\u00e7 e k\u00ebrkon ligji, nd\u00ebrsa sonte do t\u00eb jet\u00eb Sekretari i Burimeve Njer\u00ebzore Ervin Minarolli.<\/p>\n<p>N\u00eb njoftimin q\u00eb PD i ka d\u00ebrguar policis\u00eb p\u00ebr marshimin e protest\u00ebs,\u00a0u ka k\u00ebrkuar punonj\u00ebsve t\u00eb policis\u00eb s\u00eb shtetit t\u00eb mos b\u00ebhen pjes\u00eb e provokimeve dhe dhun\u00ebs s\u00eb paligjshme kund\u00ebr qytetar\u00ebve.<\/p>\n<p>&nbsp;<\/p>\n","protected":false},"excerpt":{"rendered":"<p>Mb\u00ebshtet\u00ebsit e PD-se nga rrethet po vijn\u00eb drejt Tiran\u00ebs p\u00ebr tiu bashkuar protest\u00ebs para Kryeministris\u00eb n\u00eb or\u00ebn 18:30 t\u00eb pasdites s\u00eb sotme. Gazetar\u00ebt e RTV Ora informojn\u00eb se autobus\u00eb apo makina private me mb\u00ebshtet\u00ebs jan\u00eb nisur nga Shkodra, Berati por dhe Lezha. Vendimi p\u00ebr mbajtjen e t\u00eb pest\u00ebs protest\u00eb komb\u00ebtare radhazi erdhi pas nj\u00eb mbledhje [&hellip;]<\/p>\n","protected":false},"author":2013,"featured_media":83539,"comment_status":"open","ping_status":"closed","sticky":false,"template":"","format":"standard","meta":{"footnotes":""},"categories":[241,235],"tags":[],"class_list":{"0":"post-83780","1":"post","2":"type-post","3":"status-publish","4":"format-standard","5":"has-post-thumbnail","7":"category-aktualitet","8":"category-vendi"},"_links":{"self":[{"href":"https:\/\/zjarr.tv\/sq\/wp-json\/wp\/v2\/posts\/83780","targetHints":{"allow":["GET"]}}],"collection":[{"href":"https:\/\/zjarr.tv\/sq\/wp-json\/wp\/v2\/posts"}],"about":[{"href":"https:\/\/zjarr.tv\/sq\/wp-json\/wp\/v2\/types\/post"}],"author":[{"embeddable":true,"href":"https:\/\/zjarr.tv\/sq\/wp-json\/wp\/v2\/users\/2013"}],"replies":[{"embeddable":true,"href":"https:\/\/zjarr.tv\/sq\/wp-json\/wp\/v2\/comments?post=83780"}],"version-history":[{"count":0,"href":"https:\/\/zjarr.tv\/sq\/wp-json\/wp\/v2\/posts\/83780\/revisions"}],"wp:featuredmedia":[{"embeddable":true,"href":"https:\/\/zjarr.tv\/sq\/wp-json\/wp\/v2\/media\/83539"}],"wp:attachment":[{"href":"https:\/\/zjarr.tv\/sq\/wp-json\/wp\/v2\/media?parent=83780"}],"wp:term":[{"taxonomy":"category","embeddable":true,"href":"https:\/\/zjarr.tv\/sq\/wp-json\/wp\/v2\/categories?post=83780"},{"taxonomy":"post_tag","embeddable":true,"href":"https:\/\/zjarr.tv\/sq\/wp-json\/wp\/v2\/tags?post=83780"}],"curies":[{"name":"wp","href":"https:\/\/api.w.org\/{rel}","templated":true}]}}