{"id":83782,"date":"2019-05-13T16:24:20","date_gmt":"2019-05-13T14:24:20","guid":{"rendered":"https:\/\/zjarr.tv\/?p=83782"},"modified":"2019-05-13T16:24:20","modified_gmt":"2019-05-13T14:24:20","slug":"boci-ftese-maturanteve-urrejtja-e-rames-snjeh-limite","status":"publish","type":"post","link":"https:\/\/zjarr.tv\/sq\/boci-ftese-maturanteve-urrejtja-e-rames-snjeh-limite\/","title":{"rendered":"Bo\u00e7i ftes\u00eb maturant\u00ebve: Urrejtja e Ram\u00ebs s\u2019njeh limite"},"content":{"rendered":"<p>Ish-deputeti i Partis\u00eb Demokratike Lu\u00e7iano Bo\u00e7i pak para protest\u00ebs s\u00eb organizuar nga opozita sot, fton maturant\u00ebt t\u00eb jen\u00eb pjes\u00eb e saj. P\u00ebrmes nj\u00eb postimi n\u00eb \u201cFacebook\u201d, Bo\u00e7i shkruan se t\u00eb rinjt\u00eb maturant\u00eb kan\u00eb qindra arsye p\u00ebr t\u00eb qen\u00eb pjes\u00eb\u00a0 e protest\u00ebs, t\u00eb cil\u00ebn e cil\u00ebson revolt\u00eb t\u00eb shqiptar\u00ebve.<\/p>\n<p>\u201cShkat\u00ebrruesit e Akademis\u00eb nuk mund t\u00eb lejohen t\u00eb shkat\u00ebrrojn\u00eb t\u00eb ardhmen e t\u00eb rinjve.<br \/>\nNuk \u00ebsht\u00eb hera e par\u00eb q\u00eb Rama me Ministren e tij t\u00eb Arsimit i ngulin thik\u00eb pas shpine maturant\u00ebve.<br \/>\nN\u00eb t\u00eb gjith\u00eb k\u00ebto vite e ka b\u00ebr\u00eb rregullisht me ndryshimin e rregullave t\u00eb pranimit n\u00eb Universitete.<br \/>\nPo k\u00ebshtu me mesataren, me investimet e munguara, me bibliotekat q\u00eb nuk ekzistojn\u00eb, me laborator\u00ebt e degraduara.\u201d-shkruan Bo\u00e7i.<\/p>\n<p>&nbsp;<\/p>\n<p>Postimi i plot\u00eb i Lu\u00e7iano Bo\u00e7it<br \/>\nMATURANT\u00cb BASHKOHUNI ME QYTETAR\u00cbT N\u00cb PROTEST\u00cb!<br \/>\nKeni qindra arsye familjare e arsimore p\u00ebr t\u00eb qen\u00eb sot pjes\u00eb e revolt\u00ebs s\u00eb shqiptar\u00ebve, n\u00eb 18.30.<br \/>\nP\u00ebr kushtet mizerab\u00ebl, p\u00ebr prind\u00ebrit e papun\u00eb e t\u00eb grabitur, p\u00ebr librat e deformuar, p\u00ebr programet e cunguara, cil\u00ebsin\u00eb e mjerueshme.<br \/>\nJo vet\u00ebm kaq!<br \/>\nI shtohet dhe mesatarja e rritur me p\u00ebrdhun\u00eb.<br \/>\nJu nuk mund t\u00eb hidheni n\u00eb rrug\u00eb t\u00eb madhe se do Rama dhe Ministrja e tij rishtare.<br \/>\nShkat\u00ebrruesit e Akademis\u00eb nuk mund t\u00eb lejohen t\u00eb shkat\u00ebrrojn\u00eb t\u00eb ardhmen e t\u00eb rinjve.<\/p>\n<p>Nuk \u00ebsht\u00eb hera e par\u00eb q\u00eb Rama me Ministren e tij t\u00eb Arsimit i ngulin thik\u00eb pas shpine maturant\u00ebve.<br \/>\nN\u00eb t\u00eb gjith\u00eb k\u00ebto vite e ka b\u00ebr\u00eb rregullisht me ndryshimin e rregullave t\u00eb pranimit n\u00eb Universitete.<br \/>\nPo k\u00ebshtu me mesataren, me investimet e munguara, me bibliotekat q\u00eb nuk ekzistojn\u00eb, me laborator\u00ebt e degraduara.<br \/>\nUrrejtja e Ram\u00ebs ndaj t\u00eb rinjve nuk njeh limite.<br \/>\nTani q\u00eb matura \u00ebsht\u00eb pothuaj e p\u00ebrfunduar, \u00ebsht\u00eb tradh\u00ebti t\u2019i deklarosh maturant\u00ebve q\u00eb pragu i hyrjes \u00ebsht\u00eb rritur!<br \/>\nNota mesatare \u00ebsht\u00eb objektiv q\u00eb vendoset n\u00eb fillim e jo tek\u00eb e Ram\u00ebs.<br \/>\nKjo stimulon largimin masiv t\u00eb tyre dhe l\u00ebnien jasht\u00eb universiteteve.<br \/>\nAlibia e imponimit t\u00eb tyre me k\u00ebt\u00eb mas\u00eb drejt arsimit profesional \u00ebsht\u00eb mashtrim dhe p\u00ebrcmim nj\u00ebkoh\u00ebsisht i vet\u00eb Arsimit profesional.<br \/>\nVet\u00ebm PROTESTA i jep zgjidhje harbut\u00ebris\u00eb e tradh\u00ebtis\u00eb me t\u00eb rinjt\u00eb.<br \/>\nJu presim n\u00eb 18.30 para kryeministris\u00eb!<\/p>\n<p>&nbsp;<\/p>\n","protected":false},"excerpt":{"rendered":"<p>Ish-deputeti i Partis\u00eb Demokratike Lu\u00e7iano Bo\u00e7i pak para protest\u00ebs s\u00eb organizuar nga opozita sot, fton maturant\u00ebt t\u00eb jen\u00eb pjes\u00eb e saj. P\u00ebrmes nj\u00eb postimi n\u00eb \u201cFacebook\u201d, Bo\u00e7i shkruan se t\u00eb rinjt\u00eb maturant\u00eb kan\u00eb qindra arsye p\u00ebr t\u00eb qen\u00eb pjes\u00eb\u00a0 e protest\u00ebs, t\u00eb cil\u00ebn e cil\u00ebson revolt\u00eb t\u00eb shqiptar\u00ebve. \u201cShkat\u00ebrruesit e Akademis\u00eb nuk mund t\u00eb lejohen [&hellip;]<\/p>\n","protected":false},"author":2013,"featured_media":60134,"comment_status":"open","ping_status":"closed","sticky":false,"template":"","format":"standard","meta":{"footnotes":""},"categories":[241,235],"tags":[],"class_list":{"0":"post-83782","1":"post","2":"type-post","3":"status-publish","4":"format-standard","5":"has-post-thumbnail","7":"category-aktualitet","8":"category-vendi"},"_links":{"self":[{"href":"https:\/\/zjarr.tv\/sq\/wp-json\/wp\/v2\/posts\/83782","targetHints":{"allow":["GET"]}}],"collection":[{"href":"https:\/\/zjarr.tv\/sq\/wp-json\/wp\/v2\/posts"}],"about":[{"href":"https:\/\/zjarr.tv\/sq\/wp-json\/wp\/v2\/types\/post"}],"author":[{"embeddable":true,"href":"https:\/\/zjarr.tv\/sq\/wp-json\/wp\/v2\/users\/2013"}],"replies":[{"embeddable":true,"href":"https:\/\/zjarr.tv\/sq\/wp-json\/wp\/v2\/comments?post=83782"}],"version-history":[{"count":0,"href":"https:\/\/zjarr.tv\/sq\/wp-json\/wp\/v2\/posts\/83782\/revisions"}],"wp:featuredmedia":[{"embeddable":true,"href":"https:\/\/zjarr.tv\/sq\/wp-json\/wp\/v2\/media\/60134"}],"wp:attachment":[{"href":"https:\/\/zjarr.tv\/sq\/wp-json\/wp\/v2\/media?parent=83782"}],"wp:term":[{"taxonomy":"category","embeddable":true,"href":"https:\/\/zjarr.tv\/sq\/wp-json\/wp\/v2\/categories?post=83782"},{"taxonomy":"post_tag","embeddable":true,"href":"https:\/\/zjarr.tv\/sq\/wp-json\/wp\/v2\/tags?post=83782"}],"curies":[{"name":"wp","href":"https:\/\/api.w.org\/{rel}","templated":true}]}}