{"id":83791,"date":"2019-05-13T17:02:41","date_gmt":"2019-05-13T15:02:41","guid":{"rendered":"https:\/\/zjarr.tv\/?p=83791"},"modified":"2019-05-13T17:02:41","modified_gmt":"2019-05-13T15:02:41","slug":"lamallari-ne-protesten-e-sotme-do-te-tentohet-per-akte-dhune","status":"publish","type":"post","link":"https:\/\/zjarr.tv\/sq\/lamallari-ne-protesten-e-sotme-do-te-tentohet-per-akte-dhune\/","title":{"rendered":"Lamallari: N\u00eb protest\u00ebn e sotme do t\u00eb tentohet p\u00ebr akte dhune"},"content":{"rendered":"<p>Ministria e Brendshme thot\u00eb se n\u00eb protest\u00ebn e sotme t\u00eb opozit\u00ebs do t\u00eb tentohet p\u00ebrs\u00ebri p\u00ebr akte dhun\u00eb, ashtu si n\u00eb protest\u00ebn e 11 majit.N\u00eb nj\u00eb deklarat\u00eb p\u00ebr mediat, zv\/ministri i Brendsh\u00ebm, Besfort Lamallari i b\u00ebri thirrje qytetar\u00ebve q\u00eb t\u00eb distancohen nga dhuna.<\/p>\n","protected":false},"excerpt":{"rendered":"<p>Ministria e Brendshme thot\u00eb se n\u00eb protest\u00ebn e sotme t\u00eb opozit\u00ebs do t\u00eb tentohet p\u00ebrs\u00ebri p\u00ebr akte dhun\u00eb, ashtu si n\u00eb protest\u00ebn e 11 majit.N\u00eb nj\u00eb deklarat\u00eb p\u00ebr mediat, zv\/ministri i Brendsh\u00ebm, Besfort Lamallari i b\u00ebri thirrje qytetar\u00ebve q\u00eb t\u00eb distancohen nga dhuna.<\/p>\n","protected":false},"author":2013,"featured_media":83792,"comment_status":"open","ping_status":"closed","sticky":false,"template":"","format":"standard","meta":{"footnotes":""},"categories":[241,235],"tags":[],"class_list":{"0":"post-83791","1":"post","2":"type-post","3":"status-publish","4":"format-standard","5":"has-post-thumbnail","7":"category-aktualitet","8":"category-vendi"},"_links":{"self":[{"href":"https:\/\/zjarr.tv\/sq\/wp-json\/wp\/v2\/posts\/83791","targetHints":{"allow":["GET"]}}],"collection":[{"href":"https:\/\/zjarr.tv\/sq\/wp-json\/wp\/v2\/posts"}],"about":[{"href":"https:\/\/zjarr.tv\/sq\/wp-json\/wp\/v2\/types\/post"}],"author":[{"embeddable":true,"href":"https:\/\/zjarr.tv\/sq\/wp-json\/wp\/v2\/users\/2013"}],"replies":[{"embeddable":true,"href":"https:\/\/zjarr.tv\/sq\/wp-json\/wp\/v2\/comments?post=83791"}],"version-history":[{"count":0,"href":"https:\/\/zjarr.tv\/sq\/wp-json\/wp\/v2\/posts\/83791\/revisions"}],"wp:featuredmedia":[{"embeddable":true,"href":"https:\/\/zjarr.tv\/sq\/wp-json\/wp\/v2\/media\/83792"}],"wp:attachment":[{"href":"https:\/\/zjarr.tv\/sq\/wp-json\/wp\/v2\/media?parent=83791"}],"wp:term":[{"taxonomy":"category","embeddable":true,"href":"https:\/\/zjarr.tv\/sq\/wp-json\/wp\/v2\/categories?post=83791"},{"taxonomy":"post_tag","embeddable":true,"href":"https:\/\/zjarr.tv\/sq\/wp-json\/wp\/v2\/tags?post=83791"}],"curies":[{"name":"wp","href":"https:\/\/api.w.org\/{rel}","templated":true}]}}