{"id":83794,"date":"2019-05-13T17:11:58","date_gmt":"2019-05-13T15:11:58","guid":{"rendered":"https:\/\/zjarr.tv\/?p=83794"},"modified":"2019-05-13T17:11:58","modified_gmt":"2019-05-13T15:11:58","slug":"nje-ore-para-protestes-ambasada-amerikane-ka-nje-thirrje-per-bashen-dhe-kryemadhin","status":"publish","type":"post","link":"https:\/\/zjarr.tv\/sq\/nje-ore-para-protestes-ambasada-amerikane-ka-nje-thirrje-per-bashen-dhe-kryemadhin\/","title":{"rendered":"Nj\u00eb or\u00eb para protest\u00ebs, ambasada amerikane ka nj\u00eb thirrje p\u00ebr Bash\u00ebn dhe Kryemadhin"},"content":{"rendered":"<p>Vet\u00ebm nj\u00eb or\u00eb larg protest\u00ebs s\u00eb thirrur nga opozita ambasada amerikane del me nj\u00eb deklarat\u00eb ku d\u00ebnon dhun\u00ebn n\u00eb protest\u00eb por dhe d\u00ebmtim t\u00eb vendbanimit s\u00eb Ambasadorit t\u00eb OSBE-s\u00eb. Ambasada amerikane i b\u00ebn thirrje\u00a0udh\u00ebheq\u00ebsve t\u00eb opozit\u00ebs, ve\u00e7an\u00ebrisht Kryetarit t\u00eb Partis\u00eb Demokratike, Lulzim Basha dhe Kryetares s\u00eb L\u00ebvizjes Socialiste p\u00ebr Integrim, Monika Kryemadhi, q\u00eb t\u00eb d\u00ebnojn\u00eb publikisht veprimet e dhunshme t\u00eb mb\u00ebshtet\u00ebsve t\u00eb tyre, t\u00eb bashk\u00ebpunojn\u00eb me \u00e7do hetim q\u00eb synon t\u00eb identifikoj\u00eb \u00e7do person q\u00eb i kreu ato dhe v\u00ebnien e tyre p\u00ebrpara p\u00ebrgjegj\u00ebsis\u00eb, si dhe t\u00eb sigurojn\u00eb q\u00eb t\u00eb gjitha protestat e ardhshme publike t\u00eb jen\u00eb t\u00eb qeta dhe paq\u00ebsore<\/p>\n<p><strong>Deklarata e ambasades<\/strong><\/p>\n<p><em>Protestat paq\u00ebsore jan\u00eb thelb\u00ebsore p\u00ebr demokraci t\u00eb sh\u00ebndetshme dhe e drejta e qytetar\u00ebve p\u00ebr t\u2019u mbledhur dhe p\u00ebr t\u00eb protestuar kund\u00ebr qeveris\u00eb s\u00eb tyre \u00ebsht\u00eb themelore. Megjithat\u00eb, forca dhe dhuna nuk kan\u00eb vend n\u00eb nj\u00eb proces demokratik.<\/em><\/p>\n<p><em>Ne d\u00ebnojm\u00eb dhun\u00ebn e pranishme gjat\u00eb protestave t\u00eb 11 majit n\u00eb Tiran\u00eb dhe p\u00ebrgjegj\u00ebsit e saj. Dhuna \u00e7oi n\u00eb plagosje dhe d\u00ebmtime t\u00eb pron\u00ebs, p\u00ebrfshir\u00eb edhe d\u00ebmtim t\u00eb vendbanimit s\u00eb Ambasadorit t\u00eb OSBE-s\u00eb.\u00a0<\/em><\/p>\n<p><em>K\u00ebto veprime t\u00eb dhunshme ishin t\u00eb paligjshme dhe jodemokratike. Ne iu b\u00ebjm\u00eb thirrje udh\u00ebheq\u00ebsve t\u00eb opozit\u00ebs, ve\u00e7an\u00ebrisht Kryetarit t\u00eb Partis\u00eb Demokratike, Lulzim Basha dhe Kryetares s\u00eb L\u00ebvizjes Socialiste p\u00ebr Integrim, Monika Kryemadhi, q\u00eb t\u00eb d\u00ebnojn\u00eb publikisht veprimet e dhunshme t\u00eb mb\u00ebshtet\u00ebsve t\u00eb tyre, t\u00eb bashk\u00ebpunojn\u00eb me \u00e7do hetim q\u00eb synon t\u00eb identifikoj\u00eb \u00e7do person q\u00eb i kreu ato dhe v\u00ebnien e tyre p\u00ebrpara p\u00ebrgjegj\u00ebsis\u00eb, si dhe t\u00eb sigurojn\u00eb q\u00eb t\u00eb gjitha protestat e ardhshme publike t\u00eb jen\u00eb t\u00eb qeta dhe paq\u00ebsore<\/em><\/p>\n<p><em>. Edhe autoritetet ligjzbatuese kan\u00eb p\u00ebrgjegj\u00ebsi p\u00ebr t\u00eb vepruar me vet\u00ebp\u00ebrmbajtje, p\u00ebrfshir\u00eb edhe rastet kur iu p\u00ebrgjigjen provokimeve. Protestat e dhunshme po d\u00ebmtojn\u00eb p\u00ebrpjekjet e Shqip\u00ebris\u00eb p\u00ebr reforma demokratike dhe perspektiv\u00ebn e vendit p\u00ebr t\u00eb b\u00ebr\u00eb p\u00ebrpara n\u00eb rrug\u00ebn drejt Bashkimit Europian. Shtetet e Bashkuara nxisin t\u00eb gjitha pal\u00ebt q\u00eb t\u00eb zmbrapsen nga p\u00ebrplasjet dhe t\u00eb p\u00ebrfshihen n\u00eb nj\u00eb dialog konstruktiv, q\u00eb synon t\u2019i jap\u00eb fund ng\u00ebr\u00e7it politik.<\/em><\/p>\n<p>&nbsp;<\/p>\n","protected":false},"excerpt":{"rendered":"<p>Vet\u00ebm nj\u00eb or\u00eb larg protest\u00ebs s\u00eb thirrur nga opozita ambasada amerikane del me nj\u00eb deklarat\u00eb ku d\u00ebnon dhun\u00ebn n\u00eb protest\u00eb por dhe d\u00ebmtim t\u00eb vendbanimit s\u00eb Ambasadorit t\u00eb OSBE-s\u00eb. Ambasada amerikane i b\u00ebn thirrje\u00a0udh\u00ebheq\u00ebsve t\u00eb opozit\u00ebs, ve\u00e7an\u00ebrisht Kryetarit t\u00eb Partis\u00eb Demokratike, Lulzim Basha dhe Kryetares s\u00eb L\u00ebvizjes Socialiste p\u00ebr Integrim, Monika Kryemadhi, q\u00eb t\u00eb d\u00ebnojn\u00eb [&hellip;]<\/p>\n","protected":false},"author":2013,"featured_media":83280,"comment_status":"open","ping_status":"closed","sticky":false,"template":"","format":"standard","meta":{"footnotes":""},"categories":[241,235],"tags":[],"class_list":{"0":"post-83794","1":"post","2":"type-post","3":"status-publish","4":"format-standard","5":"has-post-thumbnail","7":"category-aktualitet","8":"category-vendi"},"_links":{"self":[{"href":"https:\/\/zjarr.tv\/sq\/wp-json\/wp\/v2\/posts\/83794","targetHints":{"allow":["GET"]}}],"collection":[{"href":"https:\/\/zjarr.tv\/sq\/wp-json\/wp\/v2\/posts"}],"about":[{"href":"https:\/\/zjarr.tv\/sq\/wp-json\/wp\/v2\/types\/post"}],"author":[{"embeddable":true,"href":"https:\/\/zjarr.tv\/sq\/wp-json\/wp\/v2\/users\/2013"}],"replies":[{"embeddable":true,"href":"https:\/\/zjarr.tv\/sq\/wp-json\/wp\/v2\/comments?post=83794"}],"version-history":[{"count":0,"href":"https:\/\/zjarr.tv\/sq\/wp-json\/wp\/v2\/posts\/83794\/revisions"}],"wp:featuredmedia":[{"embeddable":true,"href":"https:\/\/zjarr.tv\/sq\/wp-json\/wp\/v2\/media\/83280"}],"wp:attachment":[{"href":"https:\/\/zjarr.tv\/sq\/wp-json\/wp\/v2\/media?parent=83794"}],"wp:term":[{"taxonomy":"category","embeddable":true,"href":"https:\/\/zjarr.tv\/sq\/wp-json\/wp\/v2\/categories?post=83794"},{"taxonomy":"post_tag","embeddable":true,"href":"https:\/\/zjarr.tv\/sq\/wp-json\/wp\/v2\/tags?post=83794"}],"curies":[{"name":"wp","href":"https:\/\/api.w.org\/{rel}","templated":true}]}}