{"id":83796,"date":"2019-05-13T17:23:20","date_gmt":"2019-05-13T15:23:20","guid":{"rendered":"https:\/\/zjarr.tv\/?p=83796"},"modified":"2019-05-13T17:23:20","modified_gmt":"2019-05-13T15:23:20","slug":"ambasada-italiane-thirrje-opozites-denoni-dhunen-garantoni-protesta-paqesore","status":"publish","type":"post","link":"https:\/\/zjarr.tv\/sq\/ambasada-italiane-thirrje-opozites-denoni-dhunen-garantoni-protesta-paqesore\/","title":{"rendered":"Ambasada italiane thirrje opozit\u00ebs: D\u00ebnoni dhun\u00ebn, garantoni protesta paq\u00ebsore"},"content":{"rendered":"<p>Protesta e opozit\u00ebs ka sjell\u00eb edhe reagimin e ambasad\u00ebs italiane n\u00eb Shqip\u00ebri.<\/p>\n<p>N\u00eb nj\u00eb deklarat\u00eb p\u00ebr mediat, Ambasada thekosn se protesat duhet t\u00eb jen\u00eb paq\u00ebsore, nd\u00ebrsa risolli n\u00eb v\u00ebmendje se n\u00eb protest\u00ebn e 11 majit kishte t\u00eb plagosur.<\/p>\n<p>Ata i b\u00ebjn\u00eb thirrje udh\u00ebheq\u00ebsve t\u00eb opozit\u00ebs t\u00eb garantojn\u00eb q\u00eb protestat e ardhshme t\u00eb jen\u00eb paq\u00ebsore dhe t\u00eb q\u00ebndrojn\u00eb brenda kornizave ligjore.<\/p>\n<p><em>Deklarat\u00eb e Ambasad\u00ebs s\u00eb Italis\u00eb mbi protestat n\u00eb Shqip\u00ebri:<\/em><\/p>\n<p><em>E drejta p\u00ebr t\u00eb protestuar \u00ebsht\u00eb tipar thelb\u00ebsor i nj\u00eb demokracie t\u00eb sh\u00ebndetshme, por protestat duhet t\u00eb mbeten paq\u00ebsore.<\/em><\/p>\n<p><em>Gjat\u00eb protest\u00ebs s\u00eb dhunshme t\u00eb 11 majit pati t\u00eb l\u00ebnduar n\u00eb radh\u00ebt e policis\u00eb dhe t\u00eb protestuesve, si dhe u d\u00ebmtuan disa godina publike.<\/em><\/p>\n<p><em>Ambasada italiane n\u00eb Tiran\u00eb u b\u00ebn thirrje udh\u00ebheq\u00ebsve t\u00eb opozit\u00ebs q\u00eb t\u00eb d\u00ebnojn\u00eb dhun\u00ebn dhe t\u00eb garantojn\u00eb q\u00eb protestat e ardhshme t\u00eb jen\u00eb paq\u00ebsore dhe t\u00eb q\u00ebndrojn\u00eb brenda kornizave ligjore. I k\u00ebrkon gjithashtu forcave t\u00eb rendit t\u00eb tregojn\u00eb vet\u00ebp\u00ebrmbajtje.<\/em><\/p>\n<p><em>Ambasada e Italis\u00eb d\u00ebnon pa rezerv\u00eb kanosjet ndaj Kryetarit t\u00eb Prezenc\u00ebs s\u00eb OSBE-s\u00eb n\u00eb Shqip\u00ebri, veprime t\u00eb papranueshme n\u00eb nj\u00eb demokraci.<\/em><\/p>\n<p><em>S\u00eb fundmi, Ambasada italiane u k\u00ebrkon t\u00eb gjitha pal\u00ebve t\u00eb fillojn\u00eb dialogun si m\u00ebnyra e vetme p\u00ebr t\u00eb zgjidhur kriz\u00ebn aktuale politike dhe p\u00ebr t\u00eb mb\u00ebshtetur rrug\u00ebn e integrimit evropian t\u00eb Shqip\u00ebris\u00eb.<\/em><\/p>\n<p>&nbsp;<\/p>\n","protected":false},"excerpt":{"rendered":"<p>Protesta e opozit\u00ebs ka sjell\u00eb edhe reagimin e ambasad\u00ebs italiane n\u00eb Shqip\u00ebri. N\u00eb nj\u00eb deklarat\u00eb p\u00ebr mediat, Ambasada thekosn se protesat duhet t\u00eb jen\u00eb paq\u00ebsore, nd\u00ebrsa risolli n\u00eb v\u00ebmendje se n\u00eb protest\u00ebn e 11 majit kishte t\u00eb plagosur. Ata i b\u00ebjn\u00eb thirrje udh\u00ebheq\u00ebsve t\u00eb opozit\u00ebs t\u00eb garantojn\u00eb q\u00eb protestat e ardhshme t\u00eb jen\u00eb paq\u00ebsore dhe [&hellip;]<\/p>\n","protected":false},"author":2013,"featured_media":83553,"comment_status":"open","ping_status":"closed","sticky":false,"template":"","format":"standard","meta":{"footnotes":""},"categories":[241,235],"tags":[],"class_list":{"0":"post-83796","1":"post","2":"type-post","3":"status-publish","4":"format-standard","5":"has-post-thumbnail","7":"category-aktualitet","8":"category-vendi"},"_links":{"self":[{"href":"https:\/\/zjarr.tv\/sq\/wp-json\/wp\/v2\/posts\/83796","targetHints":{"allow":["GET"]}}],"collection":[{"href":"https:\/\/zjarr.tv\/sq\/wp-json\/wp\/v2\/posts"}],"about":[{"href":"https:\/\/zjarr.tv\/sq\/wp-json\/wp\/v2\/types\/post"}],"author":[{"embeddable":true,"href":"https:\/\/zjarr.tv\/sq\/wp-json\/wp\/v2\/users\/2013"}],"replies":[{"embeddable":true,"href":"https:\/\/zjarr.tv\/sq\/wp-json\/wp\/v2\/comments?post=83796"}],"version-history":[{"count":0,"href":"https:\/\/zjarr.tv\/sq\/wp-json\/wp\/v2\/posts\/83796\/revisions"}],"wp:featuredmedia":[{"embeddable":true,"href":"https:\/\/zjarr.tv\/sq\/wp-json\/wp\/v2\/media\/83553"}],"wp:attachment":[{"href":"https:\/\/zjarr.tv\/sq\/wp-json\/wp\/v2\/media?parent=83796"}],"wp:term":[{"taxonomy":"category","embeddable":true,"href":"https:\/\/zjarr.tv\/sq\/wp-json\/wp\/v2\/categories?post=83796"},{"taxonomy":"post_tag","embeddable":true,"href":"https:\/\/zjarr.tv\/sq\/wp-json\/wp\/v2\/tags?post=83796"}],"curies":[{"name":"wp","href":"https:\/\/api.w.org\/{rel}","templated":true}]}}