{"id":83798,"date":"2019-05-13T17:28:27","date_gmt":"2019-05-13T15:28:27","guid":{"rendered":"https:\/\/zjarr.tv\/?p=83798"},"modified":"2019-05-13T17:28:27","modified_gmt":"2019-05-13T15:28:27","slug":"fleckenstein-e-kukan-thirrje-shqiptareve-tregojini-botes-se-jeni-te-afte-te-zgjidhni-konfliktet","status":"publish","type":"post","link":"https:\/\/zjarr.tv\/sq\/fleckenstein-e-kukan-thirrje-shqiptareve-tregojini-botes-se-jeni-te-afte-te-zgjidhni-konfliktet\/","title":{"rendered":"Fleckenstein e Kukan thirrje shqiptar\u00ebve: Tregojini bot\u00ebs se jeni t\u00eb aft\u00eb t\u00eb zgjidhni konfliktet"},"content":{"rendered":"<p>Dy eurodeputet\u00ebt Knut Fleckenstein dhe Eduard Kukan i jan\u00eb drejtuar me nj\u00eb let\u00ebr t\u00eb hapur qytetar\u00ebve shqiptar\u00eb.<\/p>\n<p>Ne, si an\u00ebtar\u00eb t\u00eb Parlamentit Evropian kemi mb\u00ebshtetur prej vitesh procesin e integrimit te Shqip\u00ebris\u00eb n\u00eb BE dhe p\u00ebrparimin e vendit n\u00eb reformat p\u00ebrkat\u00ebse. Ne jemi miq t\u00eb Shqip\u00ebris\u00eb dhe jemi t\u00eb bindur qe vendi juaj ofron nj\u00eb vlere te shtuar p\u00ebr Bashkimin Evropian. Kjo \u00ebsht\u00eb arsyeja pse ne do t\u00eb vazhdojm\u00eb mb\u00ebshtetjen ton\u00eb p\u00ebr integrimin e Shqip\u00ebris\u00eb n\u00eb BE edhe n\u00eb t\u00eb ardhmen.<\/p>\n<p>Por me shqet\u00ebsim t\u00eb madh kemi par\u00eb imazhet e dhun\u00ebs n\u00eb Tiran\u00eb t\u00eb shtun\u00ebn e kaluar, m\u00eb 11 maj. E drejta p\u00ebr t\u00eb protestuar \u00ebsht\u00eb thelb\u00ebsore n\u00eb \u00e7do shoq\u00ebri demokratike, por kjo kurr\u00eb nuk e b\u00ebn dhun\u00ebn nj\u00eb instrument te ligjsh\u00ebm.<\/p>\n<p>Ne, deputet\u00ebt e Parlamentit Evropian, an\u00ebtare te familjeve t\u00eb ndryshme politike evropiane, u b\u00ebjm\u00eb thirrje t\u00eb gjith\u00eb pjes\u00ebmarr\u00ebsve n\u00eb protestat e lajm\u00ebruara p\u00ebr dit\u00ebt e ardhshme n\u00eb Tiran\u00eb, t\u00eb p\u00ebrmbahen nga t\u00eb gjitha format e dhun\u00ebs dhe t\u00eb q\u00ebndrojn\u00eb larg nga ngjarje t\u00eb dhunshme. Ne gjithashtu u b\u00ebjm\u00eb thirrje t\u00eb gjith\u00eb udh\u00ebheq\u00ebsve politik\u00eb q\u00eb t\u00eb tregojn\u00eb p\u00ebrgjegj\u00ebsi dhe vet\u00ebkontroll.<\/p>\n<p>Si deputet\u00eb t\u00eb Parlamentit Evropian, ne nuk synojm\u00eb interferimin ne ngjarjet ne vend. Duam thjesht t\u2019ju kujtojm\u00eb se vet\u00ebm institucionet dhe proceset demokratike, dialogu parlamentar, procedurat ligjore, zgjedhjet e lira dhe t\u00eb drejta \u2013 jan\u00eb rruga e vetme p\u00ebrmes te cil\u00ebs shoq\u00ebria shqiptare mund t\u00eb zgjidhe sfidat serioze q\u00eb p\u00ebrjeton.<\/p>\n<p>Detyra jon\u00eb si deputet\u00eb t\u00eb Parlamentit Evropian \u00ebsht\u00eb t\u00eb inkurajojm\u00eb p\u00ebrparimin e b\u00ebr\u00eb nga Shqip\u00ebria dhe t\u00eb mb\u00ebshtesim vendin n\u00eb rrug\u00ebn e tij drejt integrimit evropian. P\u00ebr ket\u00eb arsye, e ndjejm\u00eb te nevojshme p\u00ebr t&#8217;ju drejtuar juve, qytetar\u00ebve shqiptar\u00eb. Prandaj, kemi besim dhe presim nga ju, nga qytetar\u00ebt shqiptare dhe nga shoq\u00ebria civile qe te punojm\u00eb se bashku p\u00ebr t\u00eb \u00e7uar p\u00ebrpara q\u00ebllimin tone t\u00eb p\u00ebrbashk\u00ebt.<\/p>\n<p>Pamjet e se shtun\u00ebs se kaluar mund t\u00eb japin p\u00ebrshtypjen e gabuar se vendi juaj nuk \u00ebsht\u00eb gati p\u00ebr hapjen e negociatave me Bashkimin Evropian n\u00eb qershor t\u00eb k\u00ebtij viti. Qytetar\u00eb te Shqip\u00ebris\u00eb dhe an\u00ebtare te shoq\u00ebris\u00eb civile: Si miq t\u00eb Shqip\u00ebris\u00eb dhe p\u00ebrkrah\u00ebs t\u00eb integrimit te saj n\u00eb BE, ju b\u00ebjm\u00eb thirrje t\u00eb b\u00ebheni pjese e zgjidhjes dhe te jepni kontributin tuaj p\u00ebr te ndaluar dhun\u00ebn.<\/p>\n<p>\u00cbsht\u00eb koha e duhur p\u00ebr ti d\u00ebrgoni botes nj\u00eb mesazh t\u00eb qart\u00eb se Shqip\u00ebria dhe shqiptaret jan\u00eb te afte p\u00ebr t&#8217;i zgjidhur konfliktet e tyre n\u00eb m\u00ebnyr\u00eb paq\u00ebsore dhe demokratike.<\/p>\n<p>Juaji sinqerisht,<\/p>\n<p>Knut Fleckenstein, eurodeputeti, Aleanca e Socialist\u00ebve dhe Demokrat\u00ebve n\u00eb Parlamentin Evropian, raportuesi i PE p\u00ebr Shqip\u00ebrin\u00eb<\/p>\n<p>Eduard Kukan, eurodeputeti, Partia Popullore Evropiane n\u00eb Parlamentin Europian, Kryetari i Grupit punues t\u00eb Komitetit t\u00eb Pun\u00ebs s\u00eb Jashtme t\u00eb PE p\u00ebr Ballkanin Per\u00ebndimor.<\/p>\n<p>&nbsp;<\/p>\n","protected":false},"excerpt":{"rendered":"<p>Dy eurodeputet\u00ebt Knut Fleckenstein dhe Eduard Kukan i jan\u00eb drejtuar me nj\u00eb let\u00ebr t\u00eb hapur qytetar\u00ebve shqiptar\u00eb. Ne, si an\u00ebtar\u00eb t\u00eb Parlamentit Evropian kemi mb\u00ebshtetur prej vitesh procesin e integrimit te Shqip\u00ebris\u00eb n\u00eb BE dhe p\u00ebrparimin e vendit n\u00eb reformat p\u00ebrkat\u00ebse. Ne jemi miq t\u00eb Shqip\u00ebris\u00eb dhe jemi t\u00eb bindur qe vendi juaj ofron nj\u00eb [&hellip;]<\/p>\n","protected":false},"author":2013,"featured_media":83799,"comment_status":"open","ping_status":"closed","sticky":false,"template":"","format":"standard","meta":{"footnotes":""},"categories":[241,235],"tags":[],"class_list":{"0":"post-83798","1":"post","2":"type-post","3":"status-publish","4":"format-standard","5":"has-post-thumbnail","7":"category-aktualitet","8":"category-vendi"},"_links":{"self":[{"href":"https:\/\/zjarr.tv\/sq\/wp-json\/wp\/v2\/posts\/83798","targetHints":{"allow":["GET"]}}],"collection":[{"href":"https:\/\/zjarr.tv\/sq\/wp-json\/wp\/v2\/posts"}],"about":[{"href":"https:\/\/zjarr.tv\/sq\/wp-json\/wp\/v2\/types\/post"}],"author":[{"embeddable":true,"href":"https:\/\/zjarr.tv\/sq\/wp-json\/wp\/v2\/users\/2013"}],"replies":[{"embeddable":true,"href":"https:\/\/zjarr.tv\/sq\/wp-json\/wp\/v2\/comments?post=83798"}],"version-history":[{"count":0,"href":"https:\/\/zjarr.tv\/sq\/wp-json\/wp\/v2\/posts\/83798\/revisions"}],"wp:featuredmedia":[{"embeddable":true,"href":"https:\/\/zjarr.tv\/sq\/wp-json\/wp\/v2\/media\/83799"}],"wp:attachment":[{"href":"https:\/\/zjarr.tv\/sq\/wp-json\/wp\/v2\/media?parent=83798"}],"wp:term":[{"taxonomy":"category","embeddable":true,"href":"https:\/\/zjarr.tv\/sq\/wp-json\/wp\/v2\/categories?post=83798"},{"taxonomy":"post_tag","embeddable":true,"href":"https:\/\/zjarr.tv\/sq\/wp-json\/wp\/v2\/tags?post=83798"}],"curies":[{"name":"wp","href":"https:\/\/api.w.org\/{rel}","templated":true}]}}