{"id":83803,"date":"2019-05-13T17:53:38","date_gmt":"2019-05-13T15:53:38","guid":{"rendered":"https:\/\/zjarr.tv\/?p=83803"},"modified":"2019-05-13T17:53:38","modified_gmt":"2019-05-13T15:53:38","slug":"protestat-ambasada-gjermane-dhuna-e-papranueshme","status":"publish","type":"post","link":"https:\/\/zjarr.tv\/sq\/protestat-ambasada-gjermane-dhuna-e-papranueshme\/","title":{"rendered":"Protestat\/ Ambasada gjermane: Dhuna e papranueshme"},"content":{"rendered":"<p>Ambasada e Gjermanis\u00eb ka reaguar n\u00eb lidhje me protestat q\u00eb zhvillon opozita e bashkuar n\u00eb Tiran\u00eb. N\u00eb njoftimin e ambasad\u00ebs gjermane, thuhet se protesta \u00ebsht\u00eb nj\u00eb mjet demokratik, por se nuk mb\u00ebshtet demonstratat e dhunshme.<\/p>\n<p><strong>Njoftimi i Ambasad\u00ebss s\u00eb Gjermanis\u00eb:<\/strong><\/p>\n<p>Demonstratat paq\u00ebsore jan\u00eb nj\u00eb e drejt\u00eb themelore e r\u00ebnd\u00ebsishme n\u00eb demokraci. Shfaqje t\u00eb dhun\u00ebs, sikurse ishin ato q\u00eb pam\u00eb n\u00eb dat\u00ebn 11.05., jan\u00eb t\u00ebr\u00ebsisht t\u00eb papranueshme dhe t\u00eb papajtueshme me k\u00ebt\u00eb parim. P\u00ebr k\u00ebt\u00eb arsye ne d\u00ebnojm\u00eb maksimalisht dhun\u00ebn e \u00e7do lloji. Ve\u00e7an\u00ebrisht na shqet\u00ebson fakti, q\u00eb drejtuesi i Prezenc\u00ebs s\u00eb OSBE n\u00eb Shqip\u00ebri \u00ebsht\u00eb k\u00ebrc\u00ebnuar. Ndaj u b\u00ebjm\u00eb thirrje udh\u00ebheq\u00ebsve t\u00eb opozit\u00ebs Basha dhe Kryemadhi t\u00eb d\u00ebnojn\u00eb t\u00eb gjitha format e dhun\u00ebs ndaj njer\u00ebzve dhe institucioneve dhe t\u2019i parandalojn\u00eb ato n\u00eb m\u00ebnyr\u00eb efektive. Si organizator\u00eb ata mbajn\u00eb p\u00ebrgjegj\u00ebsi p\u00ebr zhvillimin paq\u00ebsor t\u00eb demonstratave. N\u00eb t\u00eb nj\u00ebjt\u00ebn koh\u00eb apelojm\u00eb forcat shqiptare t\u00eb siguris\u00eb t\u00eb ushtrojn\u00eb detyr\u00ebn e tyre n\u00eb m\u00ebnyr\u00eb konsekuente, me maturi dhe n\u00eb proporcion me situat\u00ebn.<\/p>\n<p>Protestat n\u00eb rrug\u00eb nuk z\u00ebvend\u00ebsojn\u00eb dialogun e domosdosh\u00ebm politik! Ndaj u b\u00ebjm\u00eb thirrje t\u00eb gjitha pal\u00ebve, q\u00eb n\u00eb funksion t\u00eb p\u00ebrafrimit t\u00eb m\u00ebtejsh\u00ebm t\u00eb Shqip\u00ebris\u00eb me Bashkimin Evropian kund\u00ebrshtit\u00eb n\u00eb q\u00ebndrime t\u2018i zgjidhin n\u00eb kuad\u00ebr t\u00eb nj\u00eb dialogu politik konstruktiv.<\/p>\n<p>&nbsp;<\/p>\n","protected":false},"excerpt":{"rendered":"<p>Ambasada e Gjermanis\u00eb ka reaguar n\u00eb lidhje me protestat q\u00eb zhvillon opozita e bashkuar n\u00eb Tiran\u00eb. N\u00eb njoftimin e ambasad\u00ebs gjermane, thuhet se protesta \u00ebsht\u00eb nj\u00eb mjet demokratik, por se nuk mb\u00ebshtet demonstratat e dhunshme. Njoftimi i Ambasad\u00ebss s\u00eb Gjermanis\u00eb: Demonstratat paq\u00ebsore jan\u00eb nj\u00eb e drejt\u00eb themelore e r\u00ebnd\u00ebsishme n\u00eb demokraci. Shfaqje t\u00eb dhun\u00ebs, sikurse [&hellip;]<\/p>\n","protected":false},"author":2013,"featured_media":56820,"comment_status":"open","ping_status":"closed","sticky":false,"template":"","format":"standard","meta":{"footnotes":""},"categories":[241,235],"tags":[],"class_list":{"0":"post-83803","1":"post","2":"type-post","3":"status-publish","4":"format-standard","5":"has-post-thumbnail","7":"category-aktualitet","8":"category-vendi"},"_links":{"self":[{"href":"https:\/\/zjarr.tv\/sq\/wp-json\/wp\/v2\/posts\/83803","targetHints":{"allow":["GET"]}}],"collection":[{"href":"https:\/\/zjarr.tv\/sq\/wp-json\/wp\/v2\/posts"}],"about":[{"href":"https:\/\/zjarr.tv\/sq\/wp-json\/wp\/v2\/types\/post"}],"author":[{"embeddable":true,"href":"https:\/\/zjarr.tv\/sq\/wp-json\/wp\/v2\/users\/2013"}],"replies":[{"embeddable":true,"href":"https:\/\/zjarr.tv\/sq\/wp-json\/wp\/v2\/comments?post=83803"}],"version-history":[{"count":0,"href":"https:\/\/zjarr.tv\/sq\/wp-json\/wp\/v2\/posts\/83803\/revisions"}],"wp:featuredmedia":[{"embeddable":true,"href":"https:\/\/zjarr.tv\/sq\/wp-json\/wp\/v2\/media\/56820"}],"wp:attachment":[{"href":"https:\/\/zjarr.tv\/sq\/wp-json\/wp\/v2\/media?parent=83803"}],"wp:term":[{"taxonomy":"category","embeddable":true,"href":"https:\/\/zjarr.tv\/sq\/wp-json\/wp\/v2\/categories?post=83803"},{"taxonomy":"post_tag","embeddable":true,"href":"https:\/\/zjarr.tv\/sq\/wp-json\/wp\/v2\/tags?post=83803"}],"curies":[{"name":"wp","href":"https:\/\/api.w.org\/{rel}","templated":true}]}}