{"id":83818,"date":"2019-05-14T11:32:28","date_gmt":"2019-05-14T09:32:28","guid":{"rendered":"https:\/\/zjarr.tv\/?p=83818"},"modified":"2019-05-14T11:32:28","modified_gmt":"2019-05-14T09:32:28","slug":"protesta-e-opozites-veliaj-tirana-nuk-do-ti-perkulet-dhunes","status":"publish","type":"post","link":"https:\/\/zjarr.tv\/sq\/protesta-e-opozites-veliaj-tirana-nuk-do-ti-perkulet-dhunes\/","title":{"rendered":"Protesta e opozit\u00ebs, Veliaj: Tirana nuk do t\u2019i p\u00ebrkulet dhun\u00ebs"},"content":{"rendered":"<p>Nj\u00eb dit\u00eb pas protest\u00ebs komb\u00ebtare t\u00eb opozit\u00ebs s\u00eb bashkuar ka nisur edhe pastrimi i qytetit. Kryeqytetit i \u00ebsht\u00eb rikthyer normalitetit, nd\u00ebrsa punonj\u00ebsit e bashkis\u00eb vijojn\u00eb pun\u00ebn p\u00ebr t\u00eb hequr \u00e7do mbetje nga bulevardi dhe rrug\u00ebt ku marshuan dje mb\u00ebshtet\u00ebsit e opozit\u00ebs.<\/p>\n<p>Kryebashkiaku Erion Veliaj ka reaguar n\u00eb \u201cTwitter\u201d pas protest\u00ebs\u00a0 ku tha se Tirana \u00ebsht\u00eb edhe m\u00eb e fort\u00eb.<\/p>\n<p>\u201cTirana kthehet n\u00eb normalitet pas val\u00ebs s\u00eb vandalizmit t\u00eb krahut t\u00eb djatht\u00eb! Qyteti yn\u00eb \u00ebsht\u00eb i fort\u00eb dhe progresiv!\u00a0 Nuk do t\u2019\u00ed p\u00ebrkulet urrejtjes dhe dhun\u00ebs! Ne jemi n\u00eb sht\u00ebpi p\u00ebr 140 komb\u00ebsi, dhe respektojm\u00eb t\u00eb gjith\u00eb ata q\u00eb sh\u00ebrbejn\u00eb dhe jetojn\u00eb k\u00ebtu\u201d, shkruan Veliaj.<\/p>\n","protected":false},"excerpt":{"rendered":"<p>Nj\u00eb dit\u00eb pas protest\u00ebs komb\u00ebtare t\u00eb opozit\u00ebs s\u00eb bashkuar ka nisur edhe pastrimi i qytetit. Kryeqytetit i \u00ebsht\u00eb rikthyer normalitetit, nd\u00ebrsa punonj\u00ebsit e bashkis\u00eb vijojn\u00eb pun\u00ebn p\u00ebr t\u00eb hequr \u00e7do mbetje nga bulevardi dhe rrug\u00ebt ku marshuan dje mb\u00ebshtet\u00ebsit e opozit\u00ebs. Kryebashkiaku Erion Veliaj ka reaguar n\u00eb \u201cTwitter\u201d pas protest\u00ebs\u00a0 ku tha se Tirana \u00ebsht\u00eb [&hellip;]<\/p>\n","protected":false},"author":4,"featured_media":75163,"comment_status":"open","ping_status":"closed","sticky":false,"template":"","format":"standard","meta":{"footnotes":""},"categories":[241,231,235],"tags":[],"class_list":{"0":"post-83818","1":"post","2":"type-post","3":"status-publish","4":"format-standard","5":"has-post-thumbnail","7":"category-aktualitet","8":"category-lajme","9":"category-vendi"},"_links":{"self":[{"href":"https:\/\/zjarr.tv\/sq\/wp-json\/wp\/v2\/posts\/83818","targetHints":{"allow":["GET"]}}],"collection":[{"href":"https:\/\/zjarr.tv\/sq\/wp-json\/wp\/v2\/posts"}],"about":[{"href":"https:\/\/zjarr.tv\/sq\/wp-json\/wp\/v2\/types\/post"}],"author":[{"embeddable":true,"href":"https:\/\/zjarr.tv\/sq\/wp-json\/wp\/v2\/users\/4"}],"replies":[{"embeddable":true,"href":"https:\/\/zjarr.tv\/sq\/wp-json\/wp\/v2\/comments?post=83818"}],"version-history":[{"count":0,"href":"https:\/\/zjarr.tv\/sq\/wp-json\/wp\/v2\/posts\/83818\/revisions"}],"wp:featuredmedia":[{"embeddable":true,"href":"https:\/\/zjarr.tv\/sq\/wp-json\/wp\/v2\/media\/75163"}],"wp:attachment":[{"href":"https:\/\/zjarr.tv\/sq\/wp-json\/wp\/v2\/media?parent=83818"}],"wp:term":[{"taxonomy":"category","embeddable":true,"href":"https:\/\/zjarr.tv\/sq\/wp-json\/wp\/v2\/categories?post=83818"},{"taxonomy":"post_tag","embeddable":true,"href":"https:\/\/zjarr.tv\/sq\/wp-json\/wp\/v2\/tags?post=83818"}],"curies":[{"name":"wp","href":"https:\/\/api.w.org\/{rel}","templated":true}]}}