{"id":83826,"date":"2019-05-14T11:38:47","date_gmt":"2019-05-14T09:38:47","guid":{"rendered":"https:\/\/zjarr.tv\/?p=83826"},"modified":"2019-05-14T11:38:47","modified_gmt":"2019-05-14T09:38:47","slug":"analisti-britanik-merkel-ndaloi-shkembimin-e-kufijve-ne-ballkan","status":"publish","type":"post","link":"https:\/\/zjarr.tv\/sq\/analisti-britanik-merkel-ndaloi-shkembimin-e-kufijve-ne-ballkan\/","title":{"rendered":"Analisti britanik: Merkel ndaloi shk\u00ebmbimin e kufijve n\u00eb Ballkan"},"content":{"rendered":"<p>Publicisti dhe analisti i njohur n\u00eb Mbret\u00ebrin\u00eb e Bashkuar, Tim Judah ka folur p\u00ebr iden\u00eb e korrigjimit dhe t\u00eb shk\u00ebmbimit t\u00eb territoreve mes Kosov\u00ebs dhe Serbis\u00eb. N\u00eb nj\u00eb intervist\u00eb t\u00eb dh\u00ebn\u00eb p\u00ebr TV N1, analisti thekson faktin se kjo ide nuk \u00ebsht\u00eb m\u00eb n\u00eb tryez\u00ebn e diskutimeve, sepse beson fort se ajo u ndalua p\u00ebrfundimisht n\u00eb Samitin e Berlinit i mbajtur pak dit\u00eb m\u00eb par\u00eb nga Kancelarja e Gjermanis\u00eb, Angela Merkel dhe presidenti i Franc\u00ebs, Emmanuel Macron.<\/p>\n<p>\u201cKjo nuk do t\u00eb thot\u00eb se tema e ndryshimit t\u00eb kufijve nuk do t\u00eb kthehet nj\u00eb dit\u00eb, sepse ajo \u00ebsht\u00eb p\u00ebrmendur p\u00ebrgjat\u00eb 30 viteve t\u00eb kaluara. Por, mendoj se aktualisht ajo \u00ebsht\u00eb stopuar\u201d-theksoi ai. Kjo ide (shk\u00ebmbimi i territoreve) sipas analistit shoq\u00ebrohet me analiza t\u00eb ndryshme, ku theksoi se ka edhe prej atyre q\u00eb e mb\u00ebshtesin.<\/p>\n<p>Ai shton se nj\u00eb shk\u00ebmbim i mundsh\u00ebm territoresh do t\u00eb kishte pasoja p\u00ebr t\u00eb gjith\u00eb rajonin e Ballkanit.<\/p>\n<p>\u201cMendoj se nuk ia vlen t\u00eb preken kufijt\u00eb, sepse ky \u00ebsht\u00eb nj\u00eb rrezik i madh. Dhe, aktualisht kjo m\u00eb nuk \u00ebsht\u00eb n\u00eb opsion\u201d,-shtoi ai.<\/p>\n","protected":false},"excerpt":{"rendered":"<p>Publicisti dhe analisti i njohur n\u00eb Mbret\u00ebrin\u00eb e Bashkuar, Tim Judah ka folur p\u00ebr iden\u00eb e korrigjimit dhe t\u00eb shk\u00ebmbimit t\u00eb territoreve mes Kosov\u00ebs dhe Serbis\u00eb. N\u00eb nj\u00eb intervist\u00eb t\u00eb dh\u00ebn\u00eb p\u00ebr TV N1, analisti thekson faktin se kjo ide nuk \u00ebsht\u00eb m\u00eb n\u00eb tryez\u00ebn e diskutimeve, sepse beson fort se ajo u ndalua p\u00ebrfundimisht [&hellip;]<\/p>\n","protected":false},"author":4,"featured_media":83827,"comment_status":"open","ping_status":"closed","sticky":false,"template":"","format":"standard","meta":{"footnotes":""},"categories":[241,231,235],"tags":[],"class_list":{"0":"post-83826","1":"post","2":"type-post","3":"status-publish","4":"format-standard","5":"has-post-thumbnail","7":"category-aktualitet","8":"category-lajme","9":"category-vendi"},"_links":{"self":[{"href":"https:\/\/zjarr.tv\/sq\/wp-json\/wp\/v2\/posts\/83826","targetHints":{"allow":["GET"]}}],"collection":[{"href":"https:\/\/zjarr.tv\/sq\/wp-json\/wp\/v2\/posts"}],"about":[{"href":"https:\/\/zjarr.tv\/sq\/wp-json\/wp\/v2\/types\/post"}],"author":[{"embeddable":true,"href":"https:\/\/zjarr.tv\/sq\/wp-json\/wp\/v2\/users\/4"}],"replies":[{"embeddable":true,"href":"https:\/\/zjarr.tv\/sq\/wp-json\/wp\/v2\/comments?post=83826"}],"version-history":[{"count":0,"href":"https:\/\/zjarr.tv\/sq\/wp-json\/wp\/v2\/posts\/83826\/revisions"}],"wp:featuredmedia":[{"embeddable":true,"href":"https:\/\/zjarr.tv\/sq\/wp-json\/wp\/v2\/media\/83827"}],"wp:attachment":[{"href":"https:\/\/zjarr.tv\/sq\/wp-json\/wp\/v2\/media?parent=83826"}],"wp:term":[{"taxonomy":"category","embeddable":true,"href":"https:\/\/zjarr.tv\/sq\/wp-json\/wp\/v2\/categories?post=83826"},{"taxonomy":"post_tag","embeddable":true,"href":"https:\/\/zjarr.tv\/sq\/wp-json\/wp\/v2\/tags?post=83826"}],"curies":[{"name":"wp","href":"https:\/\/api.w.org\/{rel}","templated":true}]}}