{"id":83829,"date":"2019-05-14T11:40:50","date_gmt":"2019-05-14T09:40:50","guid":{"rendered":"https:\/\/zjarr.tv\/?p=83829"},"modified":"2019-05-14T11:40:50","modified_gmt":"2019-05-14T09:40:50","slug":"harta-europiane-e-rrezikut-per-2019-ja-ku-renditet-shqiperia","status":"publish","type":"post","link":"https:\/\/zjarr.tv\/sq\/harta-europiane-e-rrezikut-per-2019-ja-ku-renditet-shqiperia\/","title":{"rendered":"Harta europiane e rrezikut p\u00ebr 2019, ja ku renditet Shqip\u00ebria"},"content":{"rendered":"<p>Nuk ka r\u00ebnd\u00ebsi n\u00ebse ju jeni nj\u00eb udh\u00ebtar p\u00ebr \u00e7\u00ebshtje biznese ose dikush q\u00eb shkon jasht\u00eb p\u00ebr pushime, nj\u00eb nga shqet\u00ebsimet kryesore q\u00eb do t\u00eb keni \u00ebsht\u00eb \u201ca do t\u00eb jem i sigurt?\u201d. P\u00ebr t\u2019ju ndihmuar t\u00eb p\u00ebrgjigjeni n\u00eb k\u00ebt\u00eb pyetje, nj\u00eb studim i ri ka vler\u00ebsuar nivelet e rrezikut t\u00eb pranishme n\u00eb \u00e7do vend n\u00eb t\u00eb gjith\u00eb globin. Sipas tyre, Shqip\u00ebria renditet n\u00eb nivelin e rrezikut t\u00eb ul\u00ebt, duke marr\u00eb t\u00eb nj\u00ebjtin ngjyrim si i gjith\u00eb rajoni ballkanas dhe n\u00eb t\u00eb nj\u00ebjtat nivele si Europa, n\u00eb p\u00ebrjashtim t\u00eb Ukrahin\u00ebs. N\u00eb Ballkan, performuesi m\u00eb i keq, q\u00eb ngjall \u201cfrik\u00eb\u2019 \u00ebsht\u00ebe Bosnja e Hercegovina, e cila renditet me nivel t\u00eb lart\u00eb risku sa i pq\u00ebrket siguris\u00eb.<\/p>\n<p>Ekipi i Sh\u00ebrbimeve t\u00eb Inteligjenc\u00ebs dhe Analiz\u00ebs s\u00eb Drum Cussac, platform\u00eb bot\u00ebrore p\u00ebr analiza mbi riskun, ka renditur vendet duke p\u00ebrdorur 20 sh\u00ebnues t\u00eb ndrysh\u00ebm t\u00eb rrezikut t\u00eb grupuara n\u00ebn pes\u00eb kategori kryesore:<\/p>\n<p>\u2013 Rreziqet e siguris\u00eb (p\u00ebrfshir\u00eb krimet e vogla dhe t\u00eb dhunshme, konfliktet civile, protestat, grevat dhe terrorizmi)<br \/>\n\u2013 Rreziqet politike (p\u00ebrfshir\u00eb stabilitetin e qeveris\u00eb, nivelet e korrupsionit, nd\u00ebrhyrjet politike dhe sanksionet)<br \/>\n\u2013 Rreziqet mjek\u00ebsore (p\u00ebrfshir\u00eb pranin\u00eb e s\u00ebmundjeve, standardin e objekteve mjek\u00ebsore, qasjen n\u00eb uj\u00eb dhe disponueshm\u00ebrin\u00eb e barnave)<\/p>\n<p>\u2013 Rreziqet mjedisore (p\u00ebrfshirja e af\u00ebrsis\u00eb me aktivitetin sizmik, frekuenca e stuhive, prania e mjeteve t\u00eb prodhuara nga njeriu si minat tok\u00ebsore dhe rreziqet klimatike)<\/p>\n<p>\u2013 Rreziqet infrastrukturore (p\u00ebrfshir\u00eb sigurin\u00eb dhe standardet e rrug\u00ebve, ofrimin e sh\u00ebrbimeve t\u00eb tilla si energjia elektrike, krimi kibernetik dhe siguria dhe standardet e aviacionit)<\/p>\n<p>Lindja e Mesme dhe Afrika e Veriut dol\u00ebn si destinacionet m\u00eb t\u00eb rrezikshme p\u00ebr udh\u00ebtar\u00ebt, me shum\u00eb vende n\u00eb k\u00ebt\u00eb rajon q\u00eb shfaqen n\u00eb 10 vendet tona m\u00eb t\u00eb rrezikshme, si dhe n\u00eb ndarjet e kategoris\u00eb individuale t\u00eb rrezikut.<\/p>\n<p>Ky nivel i lart\u00eb i rrezikut dep\u00ebrton n\u00eb t\u00eb gjith\u00eb Afrik\u00ebn Veriore dhe Qendrore, me sfidat kryesore duke p\u00ebrfshir\u00eb rreziqet infrastrukturore, mjedisore dhe mjek\u00ebsore. Kjo nuk \u00ebsht\u00eb befasuese duke pasur parasysh k\u00ebrc\u00ebnimin rajonal t\u00eb s\u00ebmundjeve t\u00eb shoq\u00ebruar me nj\u00eb qasje p\u00ebrgjith\u00ebsisht t\u00eb dob\u00ebt n\u00eb institucionet mjek\u00ebsore dhe medikamentet.<\/p>\n<p>Udh\u00ebtar\u00ebt gjithashtu mund t\u00eb gjejn\u00eb nj\u00eb sfid\u00eb p\u00ebr t\u00eb patur nj\u00eb far\u00eb sigurie p\u00ebr shkak t\u00eb standardeve t\u00eb siguris\u00eb s\u00eb aviacionit t\u00eb dob\u00ebt dhe zonave t\u00eb m\u00ebdha t\u00eb rrug\u00ebve t\u00eb mir\u00ebmbajtura keq q\u00eb e b\u00ebjn\u00eb makin\u00ebn t\u00eb v\u00ebshtir\u00eb. Ka pasur gjithashtu nj\u00eb rritje t\u00eb paudh\u00ebsis\u00eb n\u00eb rajonet e Republik\u00ebs Demokratike t\u00eb Kongos dhe fqinj\u00ebt e saj, t\u00eb shtyr\u00eb nga kriminel\u00ebt dhe milicit\u00eb duke p\u00ebrfituar nga qeverit\u00eb e shk\u00ebputura.<\/p>\n<p>N\u00eb an\u00ebn tjet\u00ebr, udh\u00ebtar\u00ebt do ta gjejn\u00eb Europ\u00ebn dhe Amerik\u00ebn e Veriut shum\u00eb m\u00eb t\u00eb sigurt p\u00ebr t\u00eb udh\u00ebtuar, ve\u00e7an\u00ebrisht n\u00ebse ju shmangni ngjarjet rajonale klimatike si uraganet apo stuhit\u00eb tropikale. Cil\u00ebsia e infrastruktur\u00ebs n\u00eb p\u00ebrgjith\u00ebsi \u00ebsht\u00eb shum\u00eb m\u00eb e lart\u00eb, qasja n\u00eb ila\u00e7e, uji etj. \u00ebsht\u00eb e bollshme dhe p\u00ebrve\u00e7 protest\u00ebs ose grev\u00ebs s\u00eb rast\u00ebsishme, vendet n\u00eb k\u00ebto rajone p\u00ebrgjith\u00ebsisht jan\u00eb shum\u00eb t\u00eb q\u00ebndrueshme.<br \/>\nN\u00eb nj\u00eb raport t\u00eb m\u00ebparsh\u00ebm, t\u00eb publikuar po k\u00ebt\u00eb vit, \u201cRisk Map Report 2019\u201d, i p\u00ebrpiluar nga Fondacioni me po t\u00eb nj\u00ebjtin em\u00ebr me seli n\u00eb Lond\u00ebr, b\u00ebn t\u00eb ditur se Shqip\u00ebria konsiderohet nj\u00eb shtet me rreziqe t\u00eb mesme, sa i p\u00ebrket fush\u00ebs s\u00eb siguris\u00eb, me asnj\u00eb ndryshim nga raporti i nj\u00eb viti m\u00eb par\u00eb. E nj\u00ebjta panoram\u00eb vler\u00ebsimi p\u00ebrfshin edhe vendet e tjera t\u00eb rajonit, si Mali i Zi, Serbia, Maqedonia e Veriut. Nd\u00ebrsa Bosnj\u00eb \u2013 Hercegovina dhe zona veriore e Kosov\u00ebs, p\u00ebrfshihen n\u00eb zon\u00ebn \u201ce verdh\u00eb\u201d, t\u00eb ul\u00ebt\/Monitor<\/p>\n","protected":false},"excerpt":{"rendered":"<p>Nuk ka r\u00ebnd\u00ebsi n\u00ebse ju jeni nj\u00eb udh\u00ebtar p\u00ebr \u00e7\u00ebshtje biznese ose dikush q\u00eb shkon jasht\u00eb p\u00ebr pushime, nj\u00eb nga shqet\u00ebsimet kryesore q\u00eb do t\u00eb keni \u00ebsht\u00eb \u201ca do t\u00eb jem i sigurt?\u201d. P\u00ebr t\u2019ju ndihmuar t\u00eb p\u00ebrgjigjeni n\u00eb k\u00ebt\u00eb pyetje, nj\u00eb studim i ri ka vler\u00ebsuar nivelet e rrezikut t\u00eb pranishme n\u00eb \u00e7do vend [&hellip;]<\/p>\n","protected":false},"author":4,"featured_media":83830,"comment_status":"open","ping_status":"closed","sticky":false,"template":"","format":"standard","meta":{"footnotes":""},"categories":[241,231,235],"tags":[],"class_list":{"0":"post-83829","1":"post","2":"type-post","3":"status-publish","4":"format-standard","5":"has-post-thumbnail","7":"category-aktualitet","8":"category-lajme","9":"category-vendi"},"_links":{"self":[{"href":"https:\/\/zjarr.tv\/sq\/wp-json\/wp\/v2\/posts\/83829","targetHints":{"allow":["GET"]}}],"collection":[{"href":"https:\/\/zjarr.tv\/sq\/wp-json\/wp\/v2\/posts"}],"about":[{"href":"https:\/\/zjarr.tv\/sq\/wp-json\/wp\/v2\/types\/post"}],"author":[{"embeddable":true,"href":"https:\/\/zjarr.tv\/sq\/wp-json\/wp\/v2\/users\/4"}],"replies":[{"embeddable":true,"href":"https:\/\/zjarr.tv\/sq\/wp-json\/wp\/v2\/comments?post=83829"}],"version-history":[{"count":0,"href":"https:\/\/zjarr.tv\/sq\/wp-json\/wp\/v2\/posts\/83829\/revisions"}],"wp:featuredmedia":[{"embeddable":true,"href":"https:\/\/zjarr.tv\/sq\/wp-json\/wp\/v2\/media\/83830"}],"wp:attachment":[{"href":"https:\/\/zjarr.tv\/sq\/wp-json\/wp\/v2\/media?parent=83829"}],"wp:term":[{"taxonomy":"category","embeddable":true,"href":"https:\/\/zjarr.tv\/sq\/wp-json\/wp\/v2\/categories?post=83829"},{"taxonomy":"post_tag","embeddable":true,"href":"https:\/\/zjarr.tv\/sq\/wp-json\/wp\/v2\/tags?post=83829"}],"curies":[{"name":"wp","href":"https:\/\/api.w.org\/{rel}","templated":true}]}}