{"id":83837,"date":"2019-05-14T11:49:56","date_gmt":"2019-05-14T09:49:56","guid":{"rendered":"https:\/\/zjarr.tv\/?p=83837"},"modified":"2019-05-14T11:49:56","modified_gmt":"2019-05-14T09:49:56","slug":"boje-e-shenja-tymi-nga-protestat-nis-pastrimi-dhe-nderrimi-i-dyerve-te-kryeministria","status":"publish","type":"post","link":"https:\/\/zjarr.tv\/sq\/boje-e-shenja-tymi-nga-protestat-nis-pastrimi-dhe-nderrimi-i-dyerve-te-kryeministria\/","title":{"rendered":"Boj\u00eb e shenja tymi nga protestat, nis pastrimi dhe nd\u00ebrrimi i dyerve te Kryeministria"},"content":{"rendered":"<p>Opozita zhvilloi dit\u00ebn e djeshme protest\u00ebn e pest\u00eb komb\u00ebtare, duke k\u00ebrkuar largimin e kryeministrit Edi Rama.<\/p>\n<p>N\u00eb ndryshim nga protestat e kaluara, opozita vendosi q\u00eb tubimin e djesh\u00ebm ta zhvillonte n\u00eb form\u00eb marshimi para pes\u00eb institucioneve kryesore: Kryeministris\u00eb, Kuvendit, Drejtoris\u00eb s\u00eb P\u00ebrgjithshme t\u00eb Policis\u00eb, Ministris\u00eb s\u00eb Brendshme dhe Drejtoris\u00eb t\u00eb Policis\u00eb s\u00eb Tiran\u00ebs.<\/p>\n<p>Nj\u00eb dit\u00eb pas protest\u00ebs, punonj\u00ebsit e mir\u00ebmbajtjes kan\u00eb nisur t\u00eb pastrojn\u00eb at\u00eb\u00a0q\u00eb mbeti pas nga kjo demostrat\u00eb.<\/p>\n<p>Kujtojm\u00eb se protestuesit gjat\u00eb tubimit t\u00eb s\u00eb shtun\u00ebs, hodh\u00ebn bidon\u00eb me l\u00ebnd\u00eb djeg\u00ebse n\u00eb drejtim t\u00eb \u00a0Kryeministris\u00eb duke i v\u00ebn\u00eb flak\u00ebn nd\u00ebrsa shenjat e tymit dukeshin qart\u00eb deri dje.<\/p>\n<div class=\"comment_section block_section\"><\/div>\n","protected":false},"excerpt":{"rendered":"<p>Opozita zhvilloi dit\u00ebn e djeshme protest\u00ebn e pest\u00eb komb\u00ebtare, duke k\u00ebrkuar largimin e kryeministrit Edi Rama. N\u00eb ndryshim nga protestat e kaluara, opozita vendosi q\u00eb tubimin e djesh\u00ebm ta zhvillonte n\u00eb form\u00eb marshimi para pes\u00eb institucioneve kryesore: Kryeministris\u00eb, Kuvendit, Drejtoris\u00eb s\u00eb P\u00ebrgjithshme t\u00eb Policis\u00eb, Ministris\u00eb s\u00eb Brendshme dhe Drejtoris\u00eb t\u00eb Policis\u00eb s\u00eb Tiran\u00ebs. Nj\u00eb dit\u00eb [&hellip;]<\/p>\n","protected":false},"author":4,"featured_media":83838,"comment_status":"open","ping_status":"closed","sticky":false,"template":"","format":"standard","meta":{"footnotes":""},"categories":[241,231,235],"tags":[],"class_list":{"0":"post-83837","1":"post","2":"type-post","3":"status-publish","4":"format-standard","5":"has-post-thumbnail","7":"category-aktualitet","8":"category-lajme","9":"category-vendi"},"_links":{"self":[{"href":"https:\/\/zjarr.tv\/sq\/wp-json\/wp\/v2\/posts\/83837","targetHints":{"allow":["GET"]}}],"collection":[{"href":"https:\/\/zjarr.tv\/sq\/wp-json\/wp\/v2\/posts"}],"about":[{"href":"https:\/\/zjarr.tv\/sq\/wp-json\/wp\/v2\/types\/post"}],"author":[{"embeddable":true,"href":"https:\/\/zjarr.tv\/sq\/wp-json\/wp\/v2\/users\/4"}],"replies":[{"embeddable":true,"href":"https:\/\/zjarr.tv\/sq\/wp-json\/wp\/v2\/comments?post=83837"}],"version-history":[{"count":0,"href":"https:\/\/zjarr.tv\/sq\/wp-json\/wp\/v2\/posts\/83837\/revisions"}],"wp:featuredmedia":[{"embeddable":true,"href":"https:\/\/zjarr.tv\/sq\/wp-json\/wp\/v2\/media\/83838"}],"wp:attachment":[{"href":"https:\/\/zjarr.tv\/sq\/wp-json\/wp\/v2\/media?parent=83837"}],"wp:term":[{"taxonomy":"category","embeddable":true,"href":"https:\/\/zjarr.tv\/sq\/wp-json\/wp\/v2\/categories?post=83837"},{"taxonomy":"post_tag","embeddable":true,"href":"https:\/\/zjarr.tv\/sq\/wp-json\/wp\/v2\/tags?post=83837"}],"curies":[{"name":"wp","href":"https:\/\/api.w.org\/{rel}","templated":true}]}}