{"id":83840,"date":"2019-05-14T11:53:35","date_gmt":"2019-05-14T09:53:35","guid":{"rendered":"https:\/\/zjarr.tv\/?p=83840"},"modified":"2019-05-14T11:53:35","modified_gmt":"2019-05-14T09:53:35","slug":"shoku-sta-kam-me-te-futur-ndoka-rames-merr-shembull-nga-basha-ne-shi-ne-balle-me-qytetaret","status":"publish","type":"post","link":"https:\/\/zjarr.tv\/sq\/shoku-sta-kam-me-te-futur-ndoka-rames-merr-shembull-nga-basha-ne-shi-ne-balle-me-qytetaret\/","title":{"rendered":"\u201cShoku s\u2019ta kam me t\u00eb futur\u201d, Ndoka-Ram\u00ebs: Merr shembull nga Basha, n\u00eb shi, n\u00eb ball\u00eb me qytetar\u00ebt"},"content":{"rendered":"<p>Kreu i Partis\u00eb Demokristiane, Nard Ndoka i k\u00ebrkon kreu t\u00eb qeveris\u00eb t\u00eb jap\u00eb dor\u00ebheqjen. Ndoka e sfidon Ram\u00ebn duke theksuar se n\u00eb situat\u00ebn politike q\u00eb\u00a0\u00ebsht\u00eb Shqip\u00ebria, nj\u00eb burr\u00eb shteti do t\u00eb jepte dor\u00ebheqjen.<\/p>\n<p>\u201d\u00a0<em>Nj\u00eb burr\u00eb shteti jep dor\u00ebheqjen n\u00eb t\u00eb tilla skandale, k\u00ebrkon t\u00eb hetohet dhe i hap rrug\u00eb drejt\u00ebsis\u00eb dhe vendit\u201d,\u00a0<\/em>shkruan Ndoka.<\/p>\n<div class=\"teads-adCall\"><\/div>\n<p>M\u00eb tej, Ndoka ai i k\u00ebrkon Ram\u00ebs q\u00eb t\u00eb marr\u00eb shembull nga rivali i tij politik, kryedemokrati Lulzim Basha.<\/p>\n<p><em>\u201cE shikon Bash\u00ebn?!\u00a0 N\u00eb shi, n\u00eb ball\u00eb me qytetar\u00ebt, me shok\u00eb shum\u00eb, i vendosur, konseguent, i qart\u00eb\u2026Mos e prit kot, nuk t\u00eb takon, m\u00eb d\u00ebgjo mua! M\u00eb vjen keq, m\u00eb shum\u00eb se kaq nuk mund t\u00eb ndihmoj! Mos thuaj nes\u00ebr, si nuk m\u00eb tha njeri, se ku isha futur?! Ok shoku, lexoje dy-tre her\u00eb, se nuk ta kam me t\u00eb futur\u2026,\u201d<\/em>-shkruan Ndoka.<\/p>\n<p><strong>Statusi i plot\u00eb i Nard Ndok\u00ebs<\/strong><\/p>\n<p><em>Rama me byth\u00eb n\u00eb tepsi.<\/em><\/p>\n<p><em>I paralizuar n\u00eb qeverisje, ide, reflektim, p\u00ebrgjegj\u00ebsi.\u00a0<\/em><br \/>\n<em>I ndrydhur n\u00eb logjik\u00eb, ndjeshm\u00ebri e sh\u00ebndet mendor, kjo \u00ebsht\u00eb grafia politike e Ram\u00ebs sot.<\/em><\/p>\n<div class=\"text_exposed_show\">\n<p><em>Situat\u00eb dramatike, e r\u00ebnduar, pa drit\u00eb, pa shpres\u00eb, kaotike, gaz helmues, bomba, kapsolla, molotov, k\u00ebto ka prodhuar Edi Rama me keq qeverisjen dhe arroganc\u00ebn e tij.<\/em><\/p>\n<p><em>\u00c7far\u00eb po k\u00ebrkon Opozita e bashkuar dhe qytetar\u00ebt sot?<\/em><br \/>\n<em>Zgjedhje t\u00eb parakohshme, qeveri kujdestare, k\u00ebrkesa minimaliste.\u00a0<\/em><br \/>\n<em>Je kapur me \u201cpresh n\u00eb dor\u00eb\u201d more shoku, duke vjedhur zgjedhjet dhe taksat e shqiptar\u00ebve.<\/em><\/p>\n<p><em>Nj\u00eb burr\u00eb shteti jep dor\u00ebheqjen n\u00eb t\u00eb tilla skandale, k\u00ebrkon t\u00eb hetohet dhe i hap rrug\u00eb drejt\u00ebsis\u00eb dhe vendit.<\/em><\/p>\n<p><em>Nd\u00ebrsa ti ke humbur vet\u00ebdij\u00ebn si kryeminist\u00ebr, si politikan, si qytetar, si prind. Je ulur me byth\u00eb n\u00eb tepsin\u00eb e pushtetit. Aty han, aty pin, aty dhjet, aty qeveris, aty urdh\u00ebron, aty shtrihesh, aty po gjen \u201cpaqe\u201d dhe mburoje\u2026<\/em><\/p>\n<p><em>Reflekto Edi Rama! I ke bllokuar rrug\u00ebn europiane popullit t\u00ebnd, i ke humbur shpresat popullit t\u00ebnd, i ke zhytur n\u00eb varf\u00ebri e mjerim qytetar\u00ebt e k\u00ebtij vendi.\u00a0<\/em><br \/>\n<em>Kur do ik\u00ebsh ore burr\u00eb?\u00a0<\/em><br \/>\n<em>Se kupton se do t\u00eb t\u00ebrheqin zvarr\u00eb megjith\u00eb tepsi dhe do t\u00eb hedhin n\u00eb Lan\u00eb!<\/em><br \/>\n<em>Shqiptar\u00ebve ju \u00ebsht\u00eb ngritur, o KM, po t\u00eb k\u00ebrkojn\u00eb, n\u00eb \u00e7do rrug\u00eb, n\u00eb \u00e7do shesh, n\u00eb \u00e7do institucion. M\u00eb mir\u00eb ik, largoju! Merre tepsin\u00eb, mbaje si mburoj\u00eb nga prapa, dit\u00eb t\u00eb k\u00ebqija po vijn\u00eb p\u00ebr ty.<\/em><\/p>\n<p><em>Ku do shkosh nes\u00ebr kur t\u00eb dal\u00ebsh nga Lana more burr\u00eb, ku do pleq\u00ebrosh?\u00a0<\/em><br \/>\n<em>Ti ke b\u00ebr\u00eb aq shum\u00eb armiq n\u00eb k\u00ebt\u00eb vend dhe po vazhdon akoma.<\/em><\/p>\n<p><em>N\u00eb Vuno nuk t\u00eb qas Kok\u00ebdhima, n\u00eb Tiran\u00eb nuk t\u00eb hap rrug\u00eb Ver Llapa, n\u00eb Beograd nuk t\u00eb l\u00eb Agron Duka, n\u00eb Greqi t\u00eb pengon Vangjel Dule, n\u00eb Maqedoni nuk l\u00eb vend p\u00ebr ty Dashamir Shehi, n\u00eb SHBA t\u00eb pengon Demalia, n\u00eb Kosov\u00eb t\u00eb mbyt Buzhala.\u00a0<\/em><br \/>\n<em>Ku do pleq\u00ebrosh o burr\u00eb, o burr\u00eb, leri pak vend vetes, mendo edhe p\u00ebr nes\u00ebr.<\/em><\/p>\n<p><em>Nj\u00eb vendim pozitiv sot, jep shpres\u00eb p\u00ebr nes\u00ebr, p\u00ebr ty dhe p\u00ebr vendin.<\/em><br \/>\n<em>Mendohu more shoku, ke edhe pak dit\u00eb koh\u00eb.<\/em><\/p>\n<p><em>Ah, se harrova t\u00eb them; harroje 30 qershorin.<\/em><br \/>\n<em>E shikon Bash\u00ebn?!\u00a0<\/em><br \/>\n<em>N\u00eb shi, n\u00eb ball\u00eb me qytetar\u00ebt, me shok\u00eb shum\u00eb, i vendosur, konseguent, i qart\u00eb\u2026<\/em><br \/>\n<em>Mos e prit kot, nuk t\u00eb takon, m\u00eb d\u00ebgjo mua!<\/em><\/p>\n<p><em>M\u00eb vjen keq, m\u00eb shum\u00eb se kaq nuk mund t\u00eb ndihmoj! Mos thuaj nes\u00ebr, si nuk m\u00eb tha njeri, se ku isha futur?!<\/em><\/p>\n<p><em>Ok shoku, lexoje dy-tre her\u00eb, se nuk ta kam me t\u00eb futur\u2026<\/em><\/p>\n<\/div>\n","protected":false},"excerpt":{"rendered":"<p>Kreu i Partis\u00eb Demokristiane, Nard Ndoka i k\u00ebrkon kreu t\u00eb qeveris\u00eb t\u00eb jap\u00eb dor\u00ebheqjen. Ndoka e sfidon Ram\u00ebn duke theksuar se n\u00eb situat\u00ebn politike q\u00eb\u00a0\u00ebsht\u00eb Shqip\u00ebria, nj\u00eb burr\u00eb shteti do t\u00eb jepte dor\u00ebheqjen. \u201d\u00a0Nj\u00eb burr\u00eb shteti jep dor\u00ebheqjen n\u00eb t\u00eb tilla skandale, k\u00ebrkon t\u00eb hetohet dhe i hap rrug\u00eb drejt\u00ebsis\u00eb dhe vendit\u201d,\u00a0shkruan Ndoka. M\u00eb tej, [&hellip;]<\/p>\n","protected":false},"author":4,"featured_media":80383,"comment_status":"open","ping_status":"closed","sticky":false,"template":"","format":"standard","meta":{"footnotes":""},"categories":[241,231,235],"tags":[],"class_list":{"0":"post-83840","1":"post","2":"type-post","3":"status-publish","4":"format-standard","5":"has-post-thumbnail","7":"category-aktualitet","8":"category-lajme","9":"category-vendi"},"_links":{"self":[{"href":"https:\/\/zjarr.tv\/sq\/wp-json\/wp\/v2\/posts\/83840","targetHints":{"allow":["GET"]}}],"collection":[{"href":"https:\/\/zjarr.tv\/sq\/wp-json\/wp\/v2\/posts"}],"about":[{"href":"https:\/\/zjarr.tv\/sq\/wp-json\/wp\/v2\/types\/post"}],"author":[{"embeddable":true,"href":"https:\/\/zjarr.tv\/sq\/wp-json\/wp\/v2\/users\/4"}],"replies":[{"embeddable":true,"href":"https:\/\/zjarr.tv\/sq\/wp-json\/wp\/v2\/comments?post=83840"}],"version-history":[{"count":0,"href":"https:\/\/zjarr.tv\/sq\/wp-json\/wp\/v2\/posts\/83840\/revisions"}],"wp:featuredmedia":[{"embeddable":true,"href":"https:\/\/zjarr.tv\/sq\/wp-json\/wp\/v2\/media\/80383"}],"wp:attachment":[{"href":"https:\/\/zjarr.tv\/sq\/wp-json\/wp\/v2\/media?parent=83840"}],"wp:term":[{"taxonomy":"category","embeddable":true,"href":"https:\/\/zjarr.tv\/sq\/wp-json\/wp\/v2\/categories?post=83840"},{"taxonomy":"post_tag","embeddable":true,"href":"https:\/\/zjarr.tv\/sq\/wp-json\/wp\/v2\/tags?post=83840"}],"curies":[{"name":"wp","href":"https:\/\/api.w.org\/{rel}","templated":true}]}}