{"id":83842,"date":"2019-05-14T12:01:10","date_gmt":"2019-05-14T10:01:10","guid":{"rendered":"https:\/\/zjarr.tv\/?p=83842"},"modified":"2019-05-14T12:01:10","modified_gmt":"2019-05-14T10:01:10","slug":"si-pas-11-majit-rama-serish-bashkebisedim-me-gazetaret","status":"publish","type":"post","link":"https:\/\/zjarr.tv\/sq\/si-pas-11-majit-rama-serish-bashkebisedim-me-gazetaret\/","title":{"rendered":"Si pas 11 majit, Rama s\u00ebrish bashk\u00ebbisedim me gazetar\u00ebt"},"content":{"rendered":"<p>Si nj\u00eb dit\u00eb pas protest\u00ebs s\u00eb 11 majit, kryeministri Edi Rama njofton nj\u00eb tjet\u00ebr bashk\u00ebbisedim me gazetar\u00ebt n\u00eb sall\u00ebn e Hartave n\u00eb Kryeministri.<\/p>\n<p>Bashk\u00ebbisedimi do t\u00eb nis\u00eb n\u00eb or\u00ebn 13:00 dhe vjen nj\u00eb dit\u00eb pas marshimit protest\u00eb q\u00eb opozita nd\u00ebrmori pasditen e 13 majit n\u00ebp\u00ebr Tiran\u00eb, duke u ndalur fillimisht tek kryeministria, m\u00eb pas tek Drejtoria e P\u00ebrgjithshme e Policis\u00eb, m\u00eb pas Parlamenti, ministria e Brendshme dhe n\u00eb fund drejtoria e policis\u00eb e Tiran\u00ebs.<\/p>\n<p>Marshimi protest\u00eb i djesh\u00ebm nuk u sh\u00ebnua me incidente t\u00eb r\u00ebnda t\u00eb ngjashme me ato t\u00eb 11 majit por pati s\u00ebrish, edhe pse t\u00eb pakta, hedhje t\u00eb shashkave dhe ndonj\u00eb bombe molotov drejt Drejtoris\u00eb s\u00eb Policis\u00eb s\u00eb Tiran\u00ebs, ku mbaheshin t\u00eb arrestuarit e protest\u00ebs s\u00eb 11 majit.<\/p>\n<p>Nj\u00eb or\u00eb para protest\u00ebs selit\u00eb diplomatike p\u00ebrfshi dhe ambasad\u00ebn amerikane p\u00ebrcoll\u00ebn nj\u00eb mesazh p\u00ebr t\u00eb ndalur dhun\u00ebn dhe i b\u00ebn\u00eb thirje lider\u00ebve kryesor\u00eb t\u00eb opozit\u00ebs t\u00eb mbajn\u00eb p\u00ebrgjegj\u00ebsi nd\u00ebrsa apeluan policin\u00eb t\u00eb tregoj\u00eb vet\u00ebp\u00ebrmbajtje<\/p>\n<p>Nd\u00ebrkoh\u00eb kryeministri Edi Rama n\u00eb konferenc\u00ebn p\u00ebr shtyp t\u00eb 12 majit deklaroi se qeveria nuk rr\u00ebzohet as me 7 or\u00eb as 7 mij\u00eb or\u00eb bomba molotov dhe kapsolla. Ai ftoi liderin demokrat t\u00eb dialogoj\u00eb nd\u00ebrsa vler\u00ebsoi dhe rolin e policis\u00eb n\u00eb menaxhimin e protest\u00ebs.<\/p>\n<p><a href=\"https:\/\/zjarr.tv\/wp-content\/uploads\/2019\/05\/63-1557827002-1.jpg\"><img loading=\"lazy\" decoding=\"async\" class=\"alignnone size-full wp-image-83844\" src=\"https:\/\/zjarr.tv\/wp-content\/uploads\/2019\/05\/63-1557827002-1.jpg\" alt=\"\" width=\"577\" height=\"151\" \/><\/a><\/p>\n","protected":false},"excerpt":{"rendered":"<p>Si nj\u00eb dit\u00eb pas protest\u00ebs s\u00eb 11 majit, kryeministri Edi Rama njofton nj\u00eb tjet\u00ebr bashk\u00ebbisedim me gazetar\u00ebt n\u00eb sall\u00ebn e Hartave n\u00eb Kryeministri. Bashk\u00ebbisedimi do t\u00eb nis\u00eb n\u00eb or\u00ebn 13:00 dhe vjen nj\u00eb dit\u00eb pas marshimit protest\u00eb q\u00eb opozita nd\u00ebrmori pasditen e 13 majit n\u00ebp\u00ebr Tiran\u00eb, duke u ndalur fillimisht tek kryeministria, m\u00eb pas tek [&hellip;]<\/p>\n","protected":false},"author":4,"featured_media":83847,"comment_status":"open","ping_status":"closed","sticky":false,"template":"","format":"standard","meta":{"footnotes":""},"categories":[241,231,235],"tags":[],"class_list":{"0":"post-83842","1":"post","2":"type-post","3":"status-publish","4":"format-standard","5":"has-post-thumbnail","7":"category-aktualitet","8":"category-lajme","9":"category-vendi"},"_links":{"self":[{"href":"https:\/\/zjarr.tv\/sq\/wp-json\/wp\/v2\/posts\/83842","targetHints":{"allow":["GET"]}}],"collection":[{"href":"https:\/\/zjarr.tv\/sq\/wp-json\/wp\/v2\/posts"}],"about":[{"href":"https:\/\/zjarr.tv\/sq\/wp-json\/wp\/v2\/types\/post"}],"author":[{"embeddable":true,"href":"https:\/\/zjarr.tv\/sq\/wp-json\/wp\/v2\/users\/4"}],"replies":[{"embeddable":true,"href":"https:\/\/zjarr.tv\/sq\/wp-json\/wp\/v2\/comments?post=83842"}],"version-history":[{"count":0,"href":"https:\/\/zjarr.tv\/sq\/wp-json\/wp\/v2\/posts\/83842\/revisions"}],"wp:featuredmedia":[{"embeddable":true,"href":"https:\/\/zjarr.tv\/sq\/wp-json\/wp\/v2\/media\/83847"}],"wp:attachment":[{"href":"https:\/\/zjarr.tv\/sq\/wp-json\/wp\/v2\/media?parent=83842"}],"wp:term":[{"taxonomy":"category","embeddable":true,"href":"https:\/\/zjarr.tv\/sq\/wp-json\/wp\/v2\/categories?post=83842"},{"taxonomy":"post_tag","embeddable":true,"href":"https:\/\/zjarr.tv\/sq\/wp-json\/wp\/v2\/tags?post=83842"}],"curies":[{"name":"wp","href":"https:\/\/api.w.org\/{rel}","templated":true}]}}