{"id":83849,"date":"2019-05-14T12:06:24","date_gmt":"2019-05-14T10:06:24","guid":{"rendered":"https:\/\/zjarr.tv\/?p=83849"},"modified":"2019-05-14T12:06:24","modified_gmt":"2019-05-14T10:06:24","slug":"ministri-gjerman-takim-me-cakaji-shqetesuar-nga-dhuna-e-opozites","status":"publish","type":"post","link":"https:\/\/zjarr.tv\/sq\/ministri-gjerman-takim-me-cakaji-shqetesuar-nga-dhuna-e-opozites\/","title":{"rendered":"Ministri gjerman takim me Cakaj:I shqet\u00ebsuar nga dhuna e opozit\u00ebs"},"content":{"rendered":"<p>Ministri n\u00eb Detyr\u00eb p\u00ebr Evrop\u00ebn dhe Pun\u00ebt e Jashtme, Gent Cakaj, po zhvillon nj\u00eb vizit\u00eb zyrtare n\u00eb Berlin, ku edhe ka takuar\u00a0 Ministrin e Shtetit p\u00ebr \u00c7\u00ebshtjet Evropiane n\u00eb Ministrin\u00eb e Jashtme Federale, Michael Roth, me t\u00eb cilin u diskutua p\u00ebr ecurin\u00eb e reformave n\u00eb kuad\u00ebr t\u00eb procesit t\u00eb integrimit dhe hapjes s\u00eb negociatave, por edhe protestat e organizuara nga opozita.<\/p>\n<p>\u201cTakim me @cakaj. N\u00eb nj\u00eb moment ky\u00e7.( t\u00eb rend\u00ebsish\u00ebm). Jam shum i shqetsuar nga dhuna e p\u00ebrdorur n\u00eb protest\u00ebn e fundit.t\u00eb opozit\u00ebs . Nj\u00eb mesazh shum i qart\u00eb p\u00ebr opozit\u00ebn : Dhuna nuk \u00ebsht\u00eb aspak e pranueshme.<\/p>\n<p>\u201cTakim me @cakaj. N\u00eb nj\u00eb moment ky\u00e7.( t\u00eb rend\u00ebsish\u00ebm). Jam shum i shqetsuar nga dhuna e p\u00ebrdorur n\u00eb protest\u00ebn e fundit.t\u00eb opozit\u00ebs . Nj\u00eb mesazh shum i qart\u00eb p\u00ebr opozit\u00ebn : Dhuna nuk \u00ebsht\u00eb aspak e pranueshme.<\/p>\n<p>Ministri Roth rikonfirmoi mb\u00ebshtetjen e Gjermanis\u00eb, e cila mbetet maksimalisht e angazhuar p\u00ebr perspektiv\u00ebn evropiane t\u00eb Shqip\u00ebris\u00eb dhe vler\u00ebsoi se p\u00ebr k\u00ebt\u00eb, respektimi i institucioneve demokratike dhe kushtetuese \u00ebsht\u00eb themelor.<\/p>\n<p>Ministri gjerman vler\u00ebsoi ritmin e reformave dhe inkurajoi autoritetet shqiptare t\u00eb vijojn\u00eb me pun\u00ebn e mir\u00eb q\u00eb \u00ebsht\u00eb b\u00ebr\u00eb.<\/p>\n<p>\u201cShqip\u00ebria ka avancuar shum\u00eb n\u00eb rrug\u00ebn e integrimit dhe meriton hapjen e negociatave\u201d,-u shpreh Ministri Roth. Ai konfirmoi se Gjermania mbetet nj\u00eb mb\u00ebshtet\u00ebse e fuqishme e procesit t\u00eb integrimit t\u00eb Ballkanit Per\u00ebndimor n\u00eb BE.<\/p>\n<p>Ministrat vler\u00ebsuan se vendimi p\u00ebr hapjen e negociatave \u00ebsht\u00eb i r\u00ebnd\u00ebsis\u00eb strategjike jo vet\u00ebm p\u00ebr t\u00eb shtuar nd\u00ebrlidhjen institucionale, por edhe p\u00ebr BP n\u00eb t\u00ebr\u00ebsi dhe se Procesi i Berlinit duhet par\u00eb si instrument i integrimit evropian.<\/p>\n<p>T\u00eb dy ministrat konstatuan se Shqip\u00ebria ka arritur progresin e nevojsh\u00ebm p\u00ebr hapjen e negociatave dhe se vendimi politik do t\u00eb jet\u00eb i bazuar n\u00eb raportin e komisionit.<\/p>\n","protected":false},"excerpt":{"rendered":"<p>Ministri n\u00eb Detyr\u00eb p\u00ebr Evrop\u00ebn dhe Pun\u00ebt e Jashtme, Gent Cakaj, po zhvillon nj\u00eb vizit\u00eb zyrtare n\u00eb Berlin, ku edhe ka takuar\u00a0 Ministrin e Shtetit p\u00ebr \u00c7\u00ebshtjet Evropiane n\u00eb Ministrin\u00eb e Jashtme Federale, Michael Roth, me t\u00eb cilin u diskutua p\u00ebr ecurin\u00eb e reformave n\u00eb kuad\u00ebr t\u00eb procesit t\u00eb integrimit dhe hapjes s\u00eb negociatave, por [&hellip;]<\/p>\n","protected":false},"author":4,"featured_media":83850,"comment_status":"open","ping_status":"closed","sticky":false,"template":"","format":"standard","meta":{"footnotes":""},"categories":[241,231,235],"tags":[],"class_list":{"0":"post-83849","1":"post","2":"type-post","3":"status-publish","4":"format-standard","5":"has-post-thumbnail","7":"category-aktualitet","8":"category-lajme","9":"category-vendi"},"_links":{"self":[{"href":"https:\/\/zjarr.tv\/sq\/wp-json\/wp\/v2\/posts\/83849","targetHints":{"allow":["GET"]}}],"collection":[{"href":"https:\/\/zjarr.tv\/sq\/wp-json\/wp\/v2\/posts"}],"about":[{"href":"https:\/\/zjarr.tv\/sq\/wp-json\/wp\/v2\/types\/post"}],"author":[{"embeddable":true,"href":"https:\/\/zjarr.tv\/sq\/wp-json\/wp\/v2\/users\/4"}],"replies":[{"embeddable":true,"href":"https:\/\/zjarr.tv\/sq\/wp-json\/wp\/v2\/comments?post=83849"}],"version-history":[{"count":0,"href":"https:\/\/zjarr.tv\/sq\/wp-json\/wp\/v2\/posts\/83849\/revisions"}],"wp:featuredmedia":[{"embeddable":true,"href":"https:\/\/zjarr.tv\/sq\/wp-json\/wp\/v2\/media\/83850"}],"wp:attachment":[{"href":"https:\/\/zjarr.tv\/sq\/wp-json\/wp\/v2\/media?parent=83849"}],"wp:term":[{"taxonomy":"category","embeddable":true,"href":"https:\/\/zjarr.tv\/sq\/wp-json\/wp\/v2\/categories?post=83849"},{"taxonomy":"post_tag","embeddable":true,"href":"https:\/\/zjarr.tv\/sq\/wp-json\/wp\/v2\/tags?post=83849"}],"curies":[{"name":"wp","href":"https:\/\/api.w.org\/{rel}","templated":true}]}}