{"id":83856,"date":"2019-05-14T12:38:46","date_gmt":"2019-05-14T10:38:46","guid":{"rendered":"https:\/\/zjarr.tv\/?p=83856"},"modified":"2019-05-14T12:38:46","modified_gmt":"2019-05-14T10:38:46","slug":"xhaxhai-ben-per-ne-spital-nipin-e-godet-me-sende-te-forta","status":"publish","type":"post","link":"https:\/\/zjarr.tv\/sq\/xhaxhai-ben-per-ne-spital-nipin-e-godet-me-sende-te-forta\/","title":{"rendered":"Xhaxhai b\u00ebn p\u00ebr n\u00eb spital nipin, e godet me sende t\u00eb forta"},"content":{"rendered":"<p>Nj\u00eb person i cili ka goditur me sende t\u00eb forta nipin e tij, \u00ebsht\u00eb v\u00ebn\u00eb n\u00eb prangat e policis\u00eb s\u00eb C\u00ebrrikut, p\u00ebr shkak se i riu ka p\u00ebrfunduar n\u00eb spital.<\/p>\n<p>57-vje\u00e7ari N.K., banues n\u00eb fshatin Shkoz\u00eb, t\u00eb Belshit, p\u00ebr motive t\u00eb dob\u00ebta ka goditur me sende t\u00eb forta nipin e tij M.K., 34 vje\u00e7.<\/p>\n<p>I riu si pasoj\u00eb e d\u00ebmtimeve t\u00eb marra ndodhet n\u00eb spitalin e Elbasanit, n\u00ebn kujdesin e mjek\u00ebve.<\/p>\n<p>Lidhur me rrethanat e ngjarjes, hetimet jan\u00eb n\u00eb vijim, ndaj t\u00eb dyshuarit.<\/p>\n<p>N\u00eb ngarkim t\u00eb 57-vje\u00e7arit materialet iu referuan Prokuroris\u00eb s\u00eb Elbasanit, p\u00ebr vepr\u00ebn penale \u201cDhuna n\u00eb familje\u201d<\/p>\n","protected":false},"excerpt":{"rendered":"<p>Nj\u00eb person i cili ka goditur me sende t\u00eb forta nipin e tij, \u00ebsht\u00eb v\u00ebn\u00eb n\u00eb prangat e policis\u00eb s\u00eb C\u00ebrrikut, p\u00ebr shkak se i riu ka p\u00ebrfunduar n\u00eb spital. 57-vje\u00e7ari N.K., banues n\u00eb fshatin Shkoz\u00eb, t\u00eb Belshit, p\u00ebr motive t\u00eb dob\u00ebta ka goditur me sende t\u00eb forta nipin e tij M.K., 34 vje\u00e7. I [&hellip;]<\/p>\n","protected":false},"author":4,"featured_media":69933,"comment_status":"open","ping_status":"closed","sticky":false,"template":"","format":"standard","meta":{"footnotes":""},"categories":[241,231,235],"tags":[],"class_list":{"0":"post-83856","1":"post","2":"type-post","3":"status-publish","4":"format-standard","5":"has-post-thumbnail","7":"category-aktualitet","8":"category-lajme","9":"category-vendi"},"_links":{"self":[{"href":"https:\/\/zjarr.tv\/sq\/wp-json\/wp\/v2\/posts\/83856","targetHints":{"allow":["GET"]}}],"collection":[{"href":"https:\/\/zjarr.tv\/sq\/wp-json\/wp\/v2\/posts"}],"about":[{"href":"https:\/\/zjarr.tv\/sq\/wp-json\/wp\/v2\/types\/post"}],"author":[{"embeddable":true,"href":"https:\/\/zjarr.tv\/sq\/wp-json\/wp\/v2\/users\/4"}],"replies":[{"embeddable":true,"href":"https:\/\/zjarr.tv\/sq\/wp-json\/wp\/v2\/comments?post=83856"}],"version-history":[{"count":0,"href":"https:\/\/zjarr.tv\/sq\/wp-json\/wp\/v2\/posts\/83856\/revisions"}],"wp:featuredmedia":[{"embeddable":true,"href":"https:\/\/zjarr.tv\/sq\/wp-json\/wp\/v2\/media\/69933"}],"wp:attachment":[{"href":"https:\/\/zjarr.tv\/sq\/wp-json\/wp\/v2\/media?parent=83856"}],"wp:term":[{"taxonomy":"category","embeddable":true,"href":"https:\/\/zjarr.tv\/sq\/wp-json\/wp\/v2\/categories?post=83856"},{"taxonomy":"post_tag","embeddable":true,"href":"https:\/\/zjarr.tv\/sq\/wp-json\/wp\/v2\/tags?post=83856"}],"curies":[{"name":"wp","href":"https:\/\/api.w.org\/{rel}","templated":true}]}}