{"id":83862,"date":"2019-05-14T13:16:37","date_gmt":"2019-05-14T11:16:37","guid":{"rendered":"https:\/\/zjarr.tv\/?p=83862"},"modified":"2019-05-14T13:16:37","modified_gmt":"2019-05-14T11:16:37","slug":"zgjedhjet-rama-me-gazetaret-kemi-finalizuar-nje-ekip-te-mire","status":"publish","type":"post","link":"https:\/\/zjarr.tv\/sq\/zgjedhjet-rama-me-gazetaret-kemi-finalizuar-nje-ekip-te-mire\/","title":{"rendered":"Zgjedhjet\/ Rama me gazetar\u00ebt: Kemi finalizuar nj\u00eb ekip t\u00eb mir\u00eb"},"content":{"rendered":"<p>Kryeministri\u00a0 Edi Rama n\u00eb nj\u00eb konferenc\u00eb t\u00eb realizuar me gazetar\u00eb foli p\u00ebr\u00a0 procesin e zgjedhjes s\u00eb emrave, t\u00eb cil\u00ebt jan\u00eb caktuar p\u00ebr t\u00eb garuar n\u00eb zgjedhjet e 30 qershorit. Ai tha se\u00a0 u ka besuar disa kandidat\u00ebve t\u00eb rikandidojn\u00eb, nd\u00ebrsa ve\u00e7an\u00ebrisht u ndal edhe tek kandidatura e qytetit t\u00eb Shkodr\u00ebs, Valdrin Pjetri, ku p\u00ebr t\u00eb cilin nuk kurse fjal\u00ebt e mira. Sipas Ram\u00ebs, ekipi i zgjedhur nga Partia\u00a0 Socialiste \u00ebsht\u00eb me potencial dhe t\u00eb duhurit p\u00ebr bashkit\u00eb e vendit.<\/p>\n<p>\u201cDua t\u00eb komentoj procesin e t\u00eb regjistruave\u00a0 p\u00ebr kandidat\u00ebt e 61 bashkive dhe p\u00ebr ato t\u00eb k\u00ebshillave bashkiak\u00eb. Besoj se kemi finalizuar nj\u00eb ekipi t\u00eb mir\u00eb dhe besoj se i kemi dh\u00ebn\u00eb nj\u00eb mund\u00ebsi t\u00eb mir\u00eb komuniteteve q\u00eb do t\u00eb votojn\u00eb n\u00eb 30 qershor, duke konfirmuar disa kandidat\u00eb q\u00eb kan\u00eb b\u00ebr\u00eb pun\u00eb t\u00eb lavd\u00ebrueshme.<\/p>\n<p>N\u00eb k\u00ebt\u00eb mandat q\u00eb po mbyllet, kandidatura me potencial real p\u00ebr t\u00eb nd\u00ebrtuar nj\u00eb qeverisje\u00a0 vendore t\u00eb re dhe me standarde dhe sipas ambicies dhe\u00a0 kjo \u00ebsht\u00eb e lexueshme n\u00eb bashkit\u00eb q\u00eb kemi qeverisur deri dot.<\/p>\n<p>M\u00eb vjen shum\u00eb mir\u00eb, q\u00eb kemi vendosur para gjykimit t\u00eb qytetar\u00ebve skuadra t\u00eb k\u00ebshillave me 50% gra dhe vajza dhe burra e djem n\u00eb t\u00eb gjith\u00eb territorin. Jam shum\u00eb i k\u00ebnaqur me kandidatur\u00ebn q\u00eb i kemi propozuar komunitetit shkodran, nj\u00eb individ q\u00eb meriton t\u00eb gjitj\u00eb respektin dhe e kam njohur n\u00eb disa detyra t\u00eb r\u00ebnd\u00ebsishme\u201d-tha Rama.<\/p>\n","protected":false},"excerpt":{"rendered":"<p>Kryeministri\u00a0 Edi Rama n\u00eb nj\u00eb konferenc\u00eb t\u00eb realizuar me gazetar\u00eb foli p\u00ebr\u00a0 procesin e zgjedhjes s\u00eb emrave, t\u00eb cil\u00ebt jan\u00eb caktuar p\u00ebr t\u00eb garuar n\u00eb zgjedhjet e 30 qershorit. Ai tha se\u00a0 u ka besuar disa kandidat\u00ebve t\u00eb rikandidojn\u00eb, nd\u00ebrsa ve\u00e7an\u00ebrisht u ndal edhe tek kandidatura e qytetit t\u00eb Shkodr\u00ebs, Valdrin Pjetri, ku p\u00ebr t\u00eb [&hellip;]<\/p>\n","protected":false},"author":4,"featured_media":83847,"comment_status":"open","ping_status":"closed","sticky":false,"template":"","format":"standard","meta":{"footnotes":""},"categories":[241,231,235],"tags":[],"class_list":{"0":"post-83862","1":"post","2":"type-post","3":"status-publish","4":"format-standard","5":"has-post-thumbnail","7":"category-aktualitet","8":"category-lajme","9":"category-vendi"},"_links":{"self":[{"href":"https:\/\/zjarr.tv\/sq\/wp-json\/wp\/v2\/posts\/83862","targetHints":{"allow":["GET"]}}],"collection":[{"href":"https:\/\/zjarr.tv\/sq\/wp-json\/wp\/v2\/posts"}],"about":[{"href":"https:\/\/zjarr.tv\/sq\/wp-json\/wp\/v2\/types\/post"}],"author":[{"embeddable":true,"href":"https:\/\/zjarr.tv\/sq\/wp-json\/wp\/v2\/users\/4"}],"replies":[{"embeddable":true,"href":"https:\/\/zjarr.tv\/sq\/wp-json\/wp\/v2\/comments?post=83862"}],"version-history":[{"count":0,"href":"https:\/\/zjarr.tv\/sq\/wp-json\/wp\/v2\/posts\/83862\/revisions"}],"wp:featuredmedia":[{"embeddable":true,"href":"https:\/\/zjarr.tv\/sq\/wp-json\/wp\/v2\/media\/83847"}],"wp:attachment":[{"href":"https:\/\/zjarr.tv\/sq\/wp-json\/wp\/v2\/media?parent=83862"}],"wp:term":[{"taxonomy":"category","embeddable":true,"href":"https:\/\/zjarr.tv\/sq\/wp-json\/wp\/v2\/categories?post=83862"},{"taxonomy":"post_tag","embeddable":true,"href":"https:\/\/zjarr.tv\/sq\/wp-json\/wp\/v2\/tags?post=83862"}],"curies":[{"name":"wp","href":"https:\/\/api.w.org\/{rel}","templated":true}]}}