{"id":83868,"date":"2019-05-14T13:57:51","date_gmt":"2019-05-14T11:57:51","guid":{"rendered":"https:\/\/zjarr.tv\/?p=83868"},"modified":"2019-05-14T13:57:51","modified_gmt":"2019-05-14T11:57:51","slug":"protestat-rama-marshimet-nuk-e-rrezojne-qeverine-u-plagos-fytyra-e-vendit","status":"publish","type":"post","link":"https:\/\/zjarr.tv\/sq\/protestat-rama-marshimet-nuk-e-rrezojne-qeverine-u-plagos-fytyra-e-vendit\/","title":{"rendered":"Protestat, Rama: Marshimet nuk e rr\u00ebzojn\u00eb qeverin\u00eb, u plagos fytyra e vendit"},"content":{"rendered":"<p>Kryeministri Edi Rama gjat\u00eb fjal\u00ebs s\u00eb tij n\u00eb konferenc\u00ebn me gazetar\u00ebt ka folur p\u00ebr protest\u00ebn e opozit\u00ebs, teksa tha se marshimi i pakic\u00ebs ishte absurd edhe pse sipas tij ndryshoi m\u00ebnyra e goditjes me zjarr ndaj institucioneve. Rama tha se edhe gjat\u00eb k\u00ebsaj proteste vendos n\u00eb rrezik jeta e punonj\u00ebsve t\u00eb policis\u00eb, nd\u00ebrkoh\u00eb q\u00eb tha q\u00eb me k\u00ebto bomba molotov u godit fytyra e Shqip\u00ebris\u00eb<\/p>\n<p>\u201cAs me q\u00ebndrime e as me marshime nuk z\u00ebvend\u00ebsohet dhe as nuk rr\u00ebzohet qeveria dhe aq m\u00eb pak bombat molotov kapsollat dhe fishekzjarret nuk jan\u00eb program apo alternativ\u00eb e qeverisjes, por kapasollat jan\u00eb nj\u00eb alternativ\u00eb qeveris\u00ebse, por p\u00ebrb\u00ebjn\u00eb nj\u00eb mjet p\u00ebr t\u00eb plagosur fytyr\u00ebn e vendit n\u00eb syt\u00eb e bot\u00ebs dhe p\u00ebr t\u00eb goditur ekonomin\u00eb e vendit dhe familjare q\u00eb atyre q\u00eb jetojn\u00eb n\u00eb k\u00ebt\u00eb vend.<\/p>\n<p>Aspekti tjet\u00ebr \u00ebsht\u00eb ai q\u00eb lidhet me situat\u00ebn e krijuar nga manifestimet e dhunshme dhe i till\u00eb ishte edhe i djeshmi, nuk m\u00eb impresionon fakti q\u00eb dje ra numri i bombave molotov dhe ndryshoi formula e goditjes me zjarr mbi institucionet, se ato t\u00eb djeshme, p\u00ebrs\u00ebri rrezikuan jet\u00ebn e uniformave blu, krijuan disa plag\u00eb p\u00ebr disa prej tyre dhe mbi t\u00eb gjitha e djeshmja ishte nj\u00eb xhiro n\u00eb boshll\u00ebkun e d\u00ebshp\u00ebrimit t\u00eb atyre q\u00eb jan\u00eb vet\u00ebp\u00ebrjashtuar nga zgjedhjet q\u00eb shkaktoi jo pak dhe krijoi jo pak ankth p\u00ebr banor\u00ebt\u201d, tha Rama.<\/p>\n<p>Ai shtoi m\u00eb tej se: \u201cT\u00eb gjith\u00eb kan\u00eb t\u00eb drejt\u00eb t\u00eb mendojn\u00eb n\u00eb m\u00ebnyra t\u00eb ndryshme por kush shkon p\u00ebrtej t\u00eb drejt\u00ebn p\u00ebr t\u00eb pasur mendimin e vet dhe k\u00ebrc\u00ebnon lirin\u00eb e t\u00eb tjer\u00ebve \u00ebsht\u00eb i tep\u00ebrt n\u00eb territorin ku l\u00ebvizin njer\u00ebzit e lir\u00eb dhe e vazhdon nj\u00eb pjes\u00eb t\u00eb jet\u00ebs n\u00eb territorin ku shteti mban ata q\u00eb d\u00ebnohen me heqje lirie dhe p\u00ebr k\u00eb? P\u00ebr Lulzim Bash\u00ebn, Kryemadhin, Saliun, apo p\u00ebr t\u00eb tjer\u00ebt me radh\u00eb, njer\u00ebz q\u00eb nuk kan\u00eb asnj\u00eb sens t\u00eb s\u00eb ardhmes por energjin\u00eb negative q\u00eb prodhon d\u00ebshp\u00ebrimi dhe verb\u00ebria\u201d<\/p>\n","protected":false},"excerpt":{"rendered":"<p>Kryeministri Edi Rama gjat\u00eb fjal\u00ebs s\u00eb tij n\u00eb konferenc\u00ebn me gazetar\u00ebt ka folur p\u00ebr protest\u00ebn e opozit\u00ebs, teksa tha se marshimi i pakic\u00ebs ishte absurd edhe pse sipas tij ndryshoi m\u00ebnyra e goditjes me zjarr ndaj institucioneve. Rama tha se edhe gjat\u00eb k\u00ebsaj proteste vendos n\u00eb rrezik jeta e punonj\u00ebsve t\u00eb policis\u00eb, nd\u00ebrkoh\u00eb q\u00eb tha [&hellip;]<\/p>\n","protected":false},"author":4,"featured_media":83866,"comment_status":"open","ping_status":"closed","sticky":false,"template":"","format":"standard","meta":{"footnotes":""},"categories":[241,231,235],"tags":[],"class_list":{"0":"post-83868","1":"post","2":"type-post","3":"status-publish","4":"format-standard","5":"has-post-thumbnail","7":"category-aktualitet","8":"category-lajme","9":"category-vendi"},"_links":{"self":[{"href":"https:\/\/zjarr.tv\/sq\/wp-json\/wp\/v2\/posts\/83868","targetHints":{"allow":["GET"]}}],"collection":[{"href":"https:\/\/zjarr.tv\/sq\/wp-json\/wp\/v2\/posts"}],"about":[{"href":"https:\/\/zjarr.tv\/sq\/wp-json\/wp\/v2\/types\/post"}],"author":[{"embeddable":true,"href":"https:\/\/zjarr.tv\/sq\/wp-json\/wp\/v2\/users\/4"}],"replies":[{"embeddable":true,"href":"https:\/\/zjarr.tv\/sq\/wp-json\/wp\/v2\/comments?post=83868"}],"version-history":[{"count":0,"href":"https:\/\/zjarr.tv\/sq\/wp-json\/wp\/v2\/posts\/83868\/revisions"}],"wp:featuredmedia":[{"embeddable":true,"href":"https:\/\/zjarr.tv\/sq\/wp-json\/wp\/v2\/media\/83866"}],"wp:attachment":[{"href":"https:\/\/zjarr.tv\/sq\/wp-json\/wp\/v2\/media?parent=83868"}],"wp:term":[{"taxonomy":"category","embeddable":true,"href":"https:\/\/zjarr.tv\/sq\/wp-json\/wp\/v2\/categories?post=83868"},{"taxonomy":"post_tag","embeddable":true,"href":"https:\/\/zjarr.tv\/sq\/wp-json\/wp\/v2\/tags?post=83868"}],"curies":[{"name":"wp","href":"https:\/\/api.w.org\/{rel}","templated":true}]}}