{"id":83882,"date":"2019-05-14T14:38:34","date_gmt":"2019-05-14T12:38:34","guid":{"rendered":"https:\/\/zjarr.tv\/?p=83882"},"modified":"2019-05-14T14:38:34","modified_gmt":"2019-05-14T12:38:34","slug":"ministri-serb-mos-luani-me-zjarrin-na-jepni-edhe-ne-dicka","status":"publish","type":"post","link":"https:\/\/zjarr.tv\/sq\/ministri-serb-mos-luani-me-zjarrin-na-jepni-edhe-ne-dicka\/","title":{"rendered":"Ministri serb: Mos luani me zjarrin, na jepni edhe ne di\u00e7ka"},"content":{"rendered":"<p>Mos luani me zjarrin duke krijuar nj\u00eb Shqip\u00ebri t\u00eb madhe brenda territorit t\u00eb Serbis\u00eb. \u00cbsht\u00eb ky mesazhi \u00a0i fort\u00eb q\u00eb i p\u00ebrcjell bot\u00ebs ministri serb i Mbrojtjes Aleksand\u00ebr Vulin, n\u00eb nj\u00eb intervist\u00eb p\u00ebr agjencin\u00eb e lajmeve ruse Tass.<\/p>\n<p>\u201cN\u00ebse dikush d\u00ebshiron t\u00eb zgjidh\u00eb \u00e7\u00ebshtjen komb\u00ebtare shqiptare n\u00eb Ballkan, ata duhet t\u00eb zgjidhin edhe \u00e7\u00ebshtjen serbe. Ne nuk mund t\u2019i japim shqiptar\u00ebve di\u00e7ka pa i dh\u00ebn\u00eb t\u00eb nj\u00ebjt\u00ebn gj\u00eb edhe serb\u00ebve. Prandaj gjej rastin t\u00eb paralajm\u00ebroj t\u00eb gjith\u00eb bot\u00ebn: Mos luani me zjarrin! Mos krijoni nj\u00eb Shqip\u00ebri t\u00eb madhe n\u00eb tok\u00ebn serbe\u201d<\/p>\n<p>Ambiciet ekspansioniste t\u00eb Shqip\u00ebris\u00eb, sipas Vulin, rrezikojn\u00eb paqen dhe stabilitetin n\u00eb Ballkan.<\/p>\n<p>\u201cNj\u00eb k\u00ebrc\u00ebnim i madh p\u00ebr Ballkanin aktualisht \u00ebsht\u00eb krijimi i nj\u00eb Shqip\u00ebrie t\u00eb Madhe. Kjo \u00ebsht\u00eb nj\u00eb p\u00ebrpjekje p\u00ebr t\u2019u p\u00ebrhapur n\u00eb territoret e shteteve t\u00eb tjera, duke nisur nga Mali i Zi, Maqedonia e Veriut, territori i Kosov\u00ebs dhe Metohis\u00eb dhe nj\u00eb pjes\u00eb t\u00eb Serbis\u00eb qendrore. i vetmi vend q\u00eb e kund\u00ebrshton k\u00ebt\u00eb \u00ebsht\u00eb Serbia\u201d<\/p>\n<p>Sipas Vulin, pas hyrjes s\u00eb Maqedonis\u00eb s\u00eb Veriut n\u00eb NATO, t\u00eb gjitha shqiptar\u00ebt do t\u00eb jetojn\u00eb n\u00eb nj\u00eb zon\u00eb t\u00eb p\u00ebrbashk\u00ebt sigurie politike. \u201cKryeministri shqiptar shprehu d\u00ebshir\u00ebn p\u00ebr t\u2019i hequr kufijt\u00eb mes shteteve ku jetojn\u00eb shqiptar\u00ebt, dhe kjo \u00ebsht\u00eb alarmante\u201d, ishin fjal\u00ebt e Vulin. Agjencia ruse citon edhe ministrin e Jasht\u00ebm rus, Sergei Lavrov i cili m\u00eb her\u00ebt tha se Moska ishte e shqet\u00ebsuar p\u00ebr munges\u00ebn e veprimit nga ana e Bashkimit Europian, ndaj t\u00eb ashtuquajtur\u00ebs \u201cPlatforma e Tiran\u00ebs\u201d.<\/p>\n<p>&nbsp;<\/p>\n","protected":false},"excerpt":{"rendered":"<p>Mos luani me zjarrin duke krijuar nj\u00eb Shqip\u00ebri t\u00eb madhe brenda territorit t\u00eb Serbis\u00eb. \u00cbsht\u00eb ky mesazhi \u00a0i fort\u00eb q\u00eb i p\u00ebrcjell bot\u00ebs ministri serb i Mbrojtjes Aleksand\u00ebr Vulin, n\u00eb nj\u00eb intervist\u00eb p\u00ebr agjencin\u00eb e lajmeve ruse Tass. \u201cN\u00ebse dikush d\u00ebshiron t\u00eb zgjidh\u00eb \u00e7\u00ebshtjen komb\u00ebtare shqiptare n\u00eb Ballkan, ata duhet t\u00eb zgjidhin edhe \u00e7\u00ebshtjen serbe. [&hellip;]<\/p>\n","protected":false},"author":2013,"featured_media":0,"comment_status":"open","ping_status":"closed","sticky":false,"template":"","format":"standard","meta":{"footnotes":""},"categories":[241,2],"tags":[],"class_list":{"0":"post-83882","1":"post","2":"type-post","3":"status-publish","4":"format-standard","6":"category-aktualitet","7":"category-rajoni"},"_links":{"self":[{"href":"https:\/\/zjarr.tv\/sq\/wp-json\/wp\/v2\/posts\/83882","targetHints":{"allow":["GET"]}}],"collection":[{"href":"https:\/\/zjarr.tv\/sq\/wp-json\/wp\/v2\/posts"}],"about":[{"href":"https:\/\/zjarr.tv\/sq\/wp-json\/wp\/v2\/types\/post"}],"author":[{"embeddable":true,"href":"https:\/\/zjarr.tv\/sq\/wp-json\/wp\/v2\/users\/2013"}],"replies":[{"embeddable":true,"href":"https:\/\/zjarr.tv\/sq\/wp-json\/wp\/v2\/comments?post=83882"}],"version-history":[{"count":0,"href":"https:\/\/zjarr.tv\/sq\/wp-json\/wp\/v2\/posts\/83882\/revisions"}],"wp:attachment":[{"href":"https:\/\/zjarr.tv\/sq\/wp-json\/wp\/v2\/media?parent=83882"}],"wp:term":[{"taxonomy":"category","embeddable":true,"href":"https:\/\/zjarr.tv\/sq\/wp-json\/wp\/v2\/categories?post=83882"},{"taxonomy":"post_tag","embeddable":true,"href":"https:\/\/zjarr.tv\/sq\/wp-json\/wp\/v2\/tags?post=83882"}],"curies":[{"name":"wp","href":"https:\/\/api.w.org\/{rel}","templated":true}]}}