{"id":83911,"date":"2019-05-14T15:13:03","date_gmt":"2019-05-14T13:13:03","guid":{"rendered":"https:\/\/zjarr.tv\/?p=83911"},"modified":"2019-05-14T15:13:03","modified_gmt":"2019-05-14T13:13:03","slug":"vasili-asnje-hap-pas-qytetare-rama-ne-grahmat-e-fundit","status":"publish","type":"post","link":"https:\/\/zjarr.tv\/sq\/vasili-asnje-hap-pas-qytetare-rama-ne-grahmat-e-fundit\/","title":{"rendered":"Vasili: Asnj\u00eb hap pas qytetar\u00eb, Rama n\u00eb grahmat e fundit"},"content":{"rendered":"<p>Pak pas konferenc\u00ebs s\u00eb kryeministrit Edi Rama me gazetar\u00ebt Kreu i Grupit Parlamentar t\u00eb LSI-s\u00eb, Petrit Vasili n\u00eb nj\u00eb dalje p\u00ebr mediat shprehet se ai \u00ebsht\u00eb n\u00eb grahmat e fundit t\u00eb pushtetit.<\/p>\n<p>\u201cN\u00eb em\u00ebr t\u00eb varf\u00ebris\u00eb kryeministri u ofron vet\u00ebm burgun. Memoria e shqiptar\u00ebve \u00ebsht\u00eb shum\u00eb\u00a0 e fort\u00eb dhe e ftoht\u00eb dhe objektive q\u00eb di ta dallojn\u00eb mashtrimin nga e v\u00ebrteta.<\/p>\n<p>\u00c7far\u00eb tha Rama tjet\u00ebr p\u00ebr shqiptar\u00ebt? Tha se nuk ka asnj\u00eb problem kriza ekonomike. Edi Rama qau p\u00ebr kushtetut\u00ebn u shpreh se kushtetuta \u00ebsht\u00eb e paprekshme p\u00ebr ta. Shqip\u00ebria kishte kushtetut\u00eb n\u00eb at\u00eb koh\u00eb, por kur edi Rama tmerrohet kushtetuta shkelet. Ky q\u00eb nuk e shkelka dot kushtetut\u00ebn e shkel p\u00ebr ligjin e Hipotek\u00ebs. Edi Rama zgjedh t\u00eb dal\u00eb dhe t\u2019i tregoj\u00eb shqiptar\u00ebve q\u00eb pushteti do t\u2019i jepet sovjet\u00ebve dhe bolshevik\u00ebve. Shqip\u00ebria nuk i ka t\u00eb hapur negociatat dera e europ\u00ebs \u00ebsht\u00eb mbyllur vet\u00ebm p\u00ebr nj\u00eb shkak, shkelja e ligjit. Ju do p\u00ebrdhunoheni pa shkak dhe akuza si\u00e7 u p\u00ebrdhunua Sahit Dollapi. \u00a0Asnj\u00eb hap pas t\u00eb nderuar qytetar\u00eb, Edi Rama ka r\u00ebn\u00eb \u00ebsht\u00eb n\u00eb grahmat e fundit.\u201d-u shpreh Vasili.<\/p>\n","protected":false},"excerpt":{"rendered":"<p>Pak pas konferenc\u00ebs s\u00eb kryeministrit Edi Rama me gazetar\u00ebt Kreu i Grupit Parlamentar t\u00eb LSI-s\u00eb, Petrit Vasili n\u00eb nj\u00eb dalje p\u00ebr mediat shprehet se ai \u00ebsht\u00eb n\u00eb grahmat e fundit t\u00eb pushtetit. \u201cN\u00eb em\u00ebr t\u00eb varf\u00ebris\u00eb kryeministri u ofron vet\u00ebm burgun. Memoria e shqiptar\u00ebve \u00ebsht\u00eb shum\u00eb\u00a0 e fort\u00eb dhe e ftoht\u00eb dhe objektive q\u00eb di [&hellip;]<\/p>\n","protected":false},"author":2013,"featured_media":64827,"comment_status":"open","ping_status":"closed","sticky":false,"template":"","format":"standard","meta":{"footnotes":""},"categories":[241,235],"tags":[],"class_list":{"0":"post-83911","1":"post","2":"type-post","3":"status-publish","4":"format-standard","5":"has-post-thumbnail","7":"category-aktualitet","8":"category-vendi"},"_links":{"self":[{"href":"https:\/\/zjarr.tv\/sq\/wp-json\/wp\/v2\/posts\/83911","targetHints":{"allow":["GET"]}}],"collection":[{"href":"https:\/\/zjarr.tv\/sq\/wp-json\/wp\/v2\/posts"}],"about":[{"href":"https:\/\/zjarr.tv\/sq\/wp-json\/wp\/v2\/types\/post"}],"author":[{"embeddable":true,"href":"https:\/\/zjarr.tv\/sq\/wp-json\/wp\/v2\/users\/2013"}],"replies":[{"embeddable":true,"href":"https:\/\/zjarr.tv\/sq\/wp-json\/wp\/v2\/comments?post=83911"}],"version-history":[{"count":0,"href":"https:\/\/zjarr.tv\/sq\/wp-json\/wp\/v2\/posts\/83911\/revisions"}],"wp:featuredmedia":[{"embeddable":true,"href":"https:\/\/zjarr.tv\/sq\/wp-json\/wp\/v2\/media\/64827"}],"wp:attachment":[{"href":"https:\/\/zjarr.tv\/sq\/wp-json\/wp\/v2\/media?parent=83911"}],"wp:term":[{"taxonomy":"category","embeddable":true,"href":"https:\/\/zjarr.tv\/sq\/wp-json\/wp\/v2\/categories?post=83911"},{"taxonomy":"post_tag","embeddable":true,"href":"https:\/\/zjarr.tv\/sq\/wp-json\/wp\/v2\/tags?post=83911"}],"curies":[{"name":"wp","href":"https:\/\/api.w.org\/{rel}","templated":true}]}}