{"id":83944,"date":"2019-05-14T16:00:02","date_gmt":"2019-05-14T14:00:02","guid":{"rendered":"https:\/\/zjarr.tv\/?p=83944"},"modified":"2019-05-14T16:00:02","modified_gmt":"2019-05-14T14:00:02","slug":"akuila-2019-policia-operacion-ne-france-e-shqiperi","status":"publish","type":"post","link":"https:\/\/zjarr.tv\/sq\/akuila-2019-policia-operacion-ne-france-e-shqiperi\/","title":{"rendered":"\u201cAKUILA 2019\u201d, policia operacion n\u00eb Franc\u00eb e Shqip\u00ebri"},"content":{"rendered":"<p>Operacion i koduar &#8220;AKUILA 2019&#8221;, zhvilluar mes Policis\u00eb s\u00eb Shtetit, Prokuroris\u00eb s\u00eb Krimeve t\u00eb R\u00ebnda, Policis\u00eb Franceze dhe organeve t\u00eb drejt\u00ebsis\u00eb franceze, i koordinuar nga Europol p\u00ebrfundoi me shkat\u00ebrrimin e nj\u00eb grupi t\u00eb strukturuar kriminal n\u00eb fush\u00ebn e vjedhjeve t\u00eb banesave dhe lokaleve.<\/p>\n<p>Policia b\u00ebn me dije se n\u00eb pranga kan\u00eb r\u00ebn\u00eb 8 persona, nga k\u00ebta 5 n\u00eb Franc\u00eb dhe 3 n\u00eb Shqip\u00ebri.<\/p>\n<p>N\u00ebp\u00ebrmjet nd\u00ebrmjet\u00ebsimit t\u00eb oficerit nd\u00ebrlidh\u00ebs shqiptar t\u00eb atashuar pran\u00eb zyrave qendrore t\u00eb luft\u00ebs kund\u00ebr krimit sh\u00ebtit\u00ebs n\u00eb Paris, u kryen shk\u00ebmbime informacionesh midis grupeve hetimore n\u00eb Franc\u00eb dhe zyr\u00ebs s\u00eb Task &#8211; Forc\u00ebs &#8220;Anti &#8211; Skifter&#8221;, p\u00ebrgjegj\u00ebs p\u00ebr t\u00eb luftuar fenomenin e kriminalitetit sh\u00ebtit\u00ebs shqiptar n\u00eb Shqip\u00ebri, p\u00ebr nj\u00eb grup \u00a0q\u00eb ushtronte veprimtari kriminale n\u00eb fush\u00ebn e vjedhjes s\u00eb banesave dhe lokaleve.<\/p>\n<p>Fal\u00eb Europol-it dhe n\u00eb kuad\u00ebr t\u00eb projektit &#8220;Specter&#8221;, t\u00eb financuar nga Bashkimi Europian, oficer\u00ebt e Policis\u00eb Gjyq\u00ebsore shqiptare mor\u00ebn pjes\u00eb n\u00eb nj\u00eb takim t\u00eb p\u00ebrbashk\u00ebt me oficer\u00ebt francez\u00eb n\u00eb ambientet e zyr\u00ebs qendrore te luft\u00ebs kund\u00ebr krimit sh\u00ebtit\u00ebs n\u00eb Paris, ku u prezantuan detaje n\u00eb lidhje me hetimet e kryera dhe ecurin\u00eb e m\u00ebtejshme t\u00eb hetimeve.<\/p>\n<p>Gjat\u00eb operacionit t\u00eb zhvilluar u arrestuan 7 persona, nga k\u00ebta 4 n\u00eb Franc\u00eb. Jan\u00eb kryer dhjet\u00ebra kontrolle banesash, ku mor\u00ebn pjes\u00eb rreth 40 xhandar\u00eb dhe polic\u00eb francez\u00eb. 3 persona t\u00eb tjer\u00eb u arrestuan n\u00eb Shqip\u00ebri, ku mor\u00ebn pjes\u00eb rreth 50 punonj\u00ebs t\u00eb Policis\u00eb s\u00eb Shtetit dhe Task &#8211; Forca &#8220;Anti &#8211; Skifter&#8221;. Personi i tet\u00eb \u00ebsht\u00eb arrestuar dy dit\u00eb m\u00eb von\u00eb n\u00eb Franc\u00eb.<\/p>\n<p>Kontrollet e kryera b\u00ebn\u00eb t\u00eb mundur gjetjen dhe sekuestrimin n\u00eb ve\u00e7anti n\u00eb Shqip\u00ebri, t\u00eb disa objekteve t\u00eb vjedhura n\u00eb Lorraine,<\/p>\n<p>Franc\u00eb, n\u00eb fund t\u00eb vitit 2018, duke p\u00ebrfshir\u00eb bizhuteri t\u00eb identifikuara me ndihm\u00ebn e hetuesve francez\u00eb.<\/p>\n<p>Pas marrjes n\u00ebn hetim dhe arrestimit t\u00eb tyre, t\u00eb tre personat e ndaluar n\u00eb Shqip\u00ebri, me vendim t\u00eb Gjykat\u00ebs s\u00eb krimeve t\u00eb R\u00ebnda t\u00eb Tiran\u00ebs u lan\u00eb me mas\u00eb sigurie &#8220;burg pa afat&#8221;.<\/p>\n<p>Si rezultat i marrjes n\u00ebn hetim t\u00eb nj\u00eb familjeje me origjin\u00eb kosovare, e cila sh\u00ebrbente si pik\u00eb mb\u00ebshtet\u00ebse p\u00ebr keqb\u00ebr\u00ebsit, u b\u00eb i mundur identifikimi, goditja dhe shkat\u00ebrrimi t\u00ebr\u00ebsisht i k\u00ebtij rrjeti t\u00eb organizuar kriminal.<\/p>\n<p>Ky operacion i kryer nj\u00ebkoh\u00ebsisht n\u00eb Franc\u00eb dhe Shqip\u00ebri, n\u00eb fush\u00ebn e vjedhjeve t\u00eb banesave t\u00eb kryera n\u00eb seri, erdhi si rezultat i nj\u00eb bashk\u00ebpunimi dhe hetimi t\u00eb mir\u00eborganizuar mes forcave policore dhe agjencive ligjzbatuese t\u00eb t\u00eb dy vendeve, si edhe fal\u00eb krijimit t\u00eb Task &#8211; Forc\u00ebs &#8220;Anti &#8211; Skifter&#8221;.<\/p>\n<p>Ky operacion nuk \u00ebsht\u00eb i pari, pasi jan\u00eb zhvilluar edhe dy operacione t\u00eb tjera me organet ligjzbatuese t\u00eb Franc\u00ebs dhe Task-Forc\u00ebs &#8220;Anti-Skifter&#8221;.<\/p>\n","protected":false},"excerpt":{"rendered":"<p>Operacion i koduar &#8220;AKUILA 2019&#8221;, zhvilluar mes Policis\u00eb s\u00eb Shtetit, Prokuroris\u00eb s\u00eb Krimeve t\u00eb R\u00ebnda, Policis\u00eb Franceze dhe organeve t\u00eb drejt\u00ebsis\u00eb franceze, i koordinuar nga Europol p\u00ebrfundoi me shkat\u00ebrrimin e nj\u00eb grupi t\u00eb strukturuar kriminal n\u00eb fush\u00ebn e vjedhjeve t\u00eb banesave dhe lokaleve. Policia b\u00ebn me dije se n\u00eb pranga kan\u00eb r\u00ebn\u00eb 8 persona, nga [&hellip;]<\/p>\n","protected":false},"author":2013,"featured_media":83945,"comment_status":"open","ping_status":"closed","sticky":false,"template":"","format":"standard","meta":{"footnotes":""},"categories":[241,235],"tags":[],"class_list":{"0":"post-83944","1":"post","2":"type-post","3":"status-publish","4":"format-standard","5":"has-post-thumbnail","7":"category-aktualitet","8":"category-vendi"},"_links":{"self":[{"href":"https:\/\/zjarr.tv\/sq\/wp-json\/wp\/v2\/posts\/83944","targetHints":{"allow":["GET"]}}],"collection":[{"href":"https:\/\/zjarr.tv\/sq\/wp-json\/wp\/v2\/posts"}],"about":[{"href":"https:\/\/zjarr.tv\/sq\/wp-json\/wp\/v2\/types\/post"}],"author":[{"embeddable":true,"href":"https:\/\/zjarr.tv\/sq\/wp-json\/wp\/v2\/users\/2013"}],"replies":[{"embeddable":true,"href":"https:\/\/zjarr.tv\/sq\/wp-json\/wp\/v2\/comments?post=83944"}],"version-history":[{"count":0,"href":"https:\/\/zjarr.tv\/sq\/wp-json\/wp\/v2\/posts\/83944\/revisions"}],"wp:featuredmedia":[{"embeddable":true,"href":"https:\/\/zjarr.tv\/sq\/wp-json\/wp\/v2\/media\/83945"}],"wp:attachment":[{"href":"https:\/\/zjarr.tv\/sq\/wp-json\/wp\/v2\/media?parent=83944"}],"wp:term":[{"taxonomy":"category","embeddable":true,"href":"https:\/\/zjarr.tv\/sq\/wp-json\/wp\/v2\/categories?post=83944"},{"taxonomy":"post_tag","embeddable":true,"href":"https:\/\/zjarr.tv\/sq\/wp-json\/wp\/v2\/tags?post=83944"}],"curies":[{"name":"wp","href":"https:\/\/api.w.org\/{rel}","templated":true}]}}