{"id":83947,"date":"2019-05-14T16:01:43","date_gmt":"2019-05-14T14:01:43","guid":{"rendered":"https:\/\/zjarr.tv\/?p=83947"},"modified":"2019-05-14T16:01:43","modified_gmt":"2019-05-14T14:01:43","slug":"manjani-rames-kur-shtyve-zgjedhjet-ne-2007-si-e-shkele-kushtetuten","status":"publish","type":"post","link":"https:\/\/zjarr.tv\/sq\/manjani-rames-kur-shtyve-zgjedhjet-ne-2007-si-e-shkele-kushtetuten\/","title":{"rendered":"Manjani, Ram\u00ebs: Kur shtyve zgjedhjet n\u00eb 2007, si e shkele Kushtetut\u00ebn?"},"content":{"rendered":"<p>Ish-ministri i Drejt\u00ebsis\u00eb, Ylli Manjani ka reaguar pas deklaratave t\u00eb b\u00ebra sot nga Edi Rama, n\u00eb konferenc\u00ebn me gazetar\u00ebt.<\/p>\n<p>Rama p\u00ebrs\u00ebriti disa her\u00eb se nuk ka asnj\u00eb hap\u00ebsir\u00eb p\u00ebr negociata me opozit\u00ebn, pasi ai si drejtues i mazhoranc\u00ebs nuk mund t\u00eb shkel Kushtetut\u00ebn.<\/p>\n<p>Ish-ministri i Drejt\u00ebsis\u00eb, n\u00eb nj\u00eb reagim n\u00eb Facebook, i kujton kreut t\u00eb qeveris\u00eb se n\u00eb vitin 2007, ishte Edi Rama ai q\u00eb si drejtues i opozit\u00ebs detyroi qeverin\u00eb dhe nd\u00ebrkomb\u00ebtar\u00ebt t\u00eb pranonin shtyrjen e zgjedhjeve p\u00ebrtej afatit kushtetues.<\/p>\n<p><em>S\u2019ka mund\u00ebsi Kushtetuese?! Ou?! Po n\u00eb 2007-\u00ebn, kur Ai nuk hynte n\u00eb zgjedhje, si u gjet rruga Kushtetuese q\u00eb u shtyn\u00eb zgjedhjet?!<\/em>\u2019,- shkruan Ylli Manjani, n\u00eb nj\u00eb reagim n\u00eb Facebook.<\/p>\n<p>N\u00eb vitin 2007 zgjedhjet vendore t\u00eb dekretuara nga Presidentit u shtyn me k\u00ebrkes\u00ebn e opozit\u00ebs, vet\u00ebm sepse Partia Socialiste nuk pranonte t\u00eb hynte n\u00eb zgjedhje, p\u00ebr shkak t\u00eb pretendimeve p\u00ebr certifikatat q\u00eb l\u00ebshonin zyrat e gjendjes civile.<\/p>\n<p>&nbsp;<\/p>\n","protected":false},"excerpt":{"rendered":"<p>Ish-ministri i Drejt\u00ebsis\u00eb, Ylli Manjani ka reaguar pas deklaratave t\u00eb b\u00ebra sot nga Edi Rama, n\u00eb konferenc\u00ebn me gazetar\u00ebt. Rama p\u00ebrs\u00ebriti disa her\u00eb se nuk ka asnj\u00eb hap\u00ebsir\u00eb p\u00ebr negociata me opozit\u00ebn, pasi ai si drejtues i mazhoranc\u00ebs nuk mund t\u00eb shkel Kushtetut\u00ebn. Ish-ministri i Drejt\u00ebsis\u00eb, n\u00eb nj\u00eb reagim n\u00eb Facebook, i kujton kreut t\u00eb [&hellip;]<\/p>\n","protected":false},"author":2013,"featured_media":57749,"comment_status":"open","ping_status":"closed","sticky":false,"template":"","format":"standard","meta":{"footnotes":""},"categories":[241,235],"tags":[],"class_list":{"0":"post-83947","1":"post","2":"type-post","3":"status-publish","4":"format-standard","5":"has-post-thumbnail","7":"category-aktualitet","8":"category-vendi"},"_links":{"self":[{"href":"https:\/\/zjarr.tv\/sq\/wp-json\/wp\/v2\/posts\/83947","targetHints":{"allow":["GET"]}}],"collection":[{"href":"https:\/\/zjarr.tv\/sq\/wp-json\/wp\/v2\/posts"}],"about":[{"href":"https:\/\/zjarr.tv\/sq\/wp-json\/wp\/v2\/types\/post"}],"author":[{"embeddable":true,"href":"https:\/\/zjarr.tv\/sq\/wp-json\/wp\/v2\/users\/2013"}],"replies":[{"embeddable":true,"href":"https:\/\/zjarr.tv\/sq\/wp-json\/wp\/v2\/comments?post=83947"}],"version-history":[{"count":0,"href":"https:\/\/zjarr.tv\/sq\/wp-json\/wp\/v2\/posts\/83947\/revisions"}],"wp:featuredmedia":[{"embeddable":true,"href":"https:\/\/zjarr.tv\/sq\/wp-json\/wp\/v2\/media\/57749"}],"wp:attachment":[{"href":"https:\/\/zjarr.tv\/sq\/wp-json\/wp\/v2\/media?parent=83947"}],"wp:term":[{"taxonomy":"category","embeddable":true,"href":"https:\/\/zjarr.tv\/sq\/wp-json\/wp\/v2\/categories?post=83947"},{"taxonomy":"post_tag","embeddable":true,"href":"https:\/\/zjarr.tv\/sq\/wp-json\/wp\/v2\/tags?post=83947"}],"curies":[{"name":"wp","href":"https:\/\/api.w.org\/{rel}","templated":true}]}}