{"id":83949,"date":"2019-05-14T16:03:15","date_gmt":"2019-05-14T14:03:15","guid":{"rendered":"https:\/\/zjarr.tv\/?p=83949"},"modified":"2019-05-14T16:03:15","modified_gmt":"2019-05-14T14:03:15","slug":"elbasan-aku-bllokon-17-5-tone-fare-misri","status":"publish","type":"post","link":"https:\/\/zjarr.tv\/sq\/elbasan-aku-bllokon-17-5-tone-fare-misri\/","title":{"rendered":"Elbasan\/ AKU bllokon 17.5 ton\u00eb far\u00eb misri"},"content":{"rendered":"<p>Autoriteti Komb\u00ebtar i Ushqimit, AKU ka gjobitur nj\u00eb subjekt n\u00eb Elbasan, p\u00ebr shkak se treguesi i fuqis\u00eb mbir\u00ebse t\u00eb far\u00ebs n\u00eb t\u00eb ishte n\u00ebn norm\u00eb.<\/p>\n<p>AKU njofton se ka bllokuar 17.5 ton\u00eb far\u00eb misri. Po ashtu, AKU thot\u00eb se do t\u00eb vazhdoj\u00eb t\u00eb godas\u00eb rastet kur tregtohet ushqim i paligjsh\u00ebm apo i d\u00ebmsh\u00ebm p\u00ebr qytetar\u00ebt.<\/p>\n<p>&nbsp;<\/p>\n","protected":false},"excerpt":{"rendered":"<p>Autoriteti Komb\u00ebtar i Ushqimit, AKU ka gjobitur nj\u00eb subjekt n\u00eb Elbasan, p\u00ebr shkak se treguesi i fuqis\u00eb mbir\u00ebse t\u00eb far\u00ebs n\u00eb t\u00eb ishte n\u00ebn norm\u00eb. AKU njofton se ka bllokuar 17.5 ton\u00eb far\u00eb misri. Po ashtu, AKU thot\u00eb se do t\u00eb vazhdoj\u00eb t\u00eb godas\u00eb rastet kur tregtohet ushqim i paligjsh\u00ebm apo i d\u00ebmsh\u00ebm p\u00ebr qytetar\u00ebt. [&hellip;]<\/p>\n","protected":false},"author":2013,"featured_media":83136,"comment_status":"open","ping_status":"closed","sticky":false,"template":"","format":"standard","meta":{"footnotes":""},"categories":[241,235],"tags":[],"class_list":{"0":"post-83949","1":"post","2":"type-post","3":"status-publish","4":"format-standard","5":"has-post-thumbnail","7":"category-aktualitet","8":"category-vendi"},"_links":{"self":[{"href":"https:\/\/zjarr.tv\/sq\/wp-json\/wp\/v2\/posts\/83949","targetHints":{"allow":["GET"]}}],"collection":[{"href":"https:\/\/zjarr.tv\/sq\/wp-json\/wp\/v2\/posts"}],"about":[{"href":"https:\/\/zjarr.tv\/sq\/wp-json\/wp\/v2\/types\/post"}],"author":[{"embeddable":true,"href":"https:\/\/zjarr.tv\/sq\/wp-json\/wp\/v2\/users\/2013"}],"replies":[{"embeddable":true,"href":"https:\/\/zjarr.tv\/sq\/wp-json\/wp\/v2\/comments?post=83949"}],"version-history":[{"count":0,"href":"https:\/\/zjarr.tv\/sq\/wp-json\/wp\/v2\/posts\/83949\/revisions"}],"wp:featuredmedia":[{"embeddable":true,"href":"https:\/\/zjarr.tv\/sq\/wp-json\/wp\/v2\/media\/83136"}],"wp:attachment":[{"href":"https:\/\/zjarr.tv\/sq\/wp-json\/wp\/v2\/media?parent=83949"}],"wp:term":[{"taxonomy":"category","embeddable":true,"href":"https:\/\/zjarr.tv\/sq\/wp-json\/wp\/v2\/categories?post=83949"},{"taxonomy":"post_tag","embeddable":true,"href":"https:\/\/zjarr.tv\/sq\/wp-json\/wp\/v2\/tags?post=83949"}],"curies":[{"name":"wp","href":"https:\/\/api.w.org\/{rel}","templated":true}]}}