{"id":83951,"date":"2019-05-14T16:04:54","date_gmt":"2019-05-14T14:04:54","guid":{"rendered":"https:\/\/zjarr.tv\/?p=83951"},"modified":"2019-05-14T16:04:54","modified_gmt":"2019-05-14T14:04:54","slug":"tabaku-e-bylykbashi-takime-ne-berlin-me-zyrtaret-e-kancelares-merkel","status":"publish","type":"post","link":"https:\/\/zjarr.tv\/sq\/tabaku-e-bylykbashi-takime-ne-berlin-me-zyrtaret-e-kancelares-merkel\/","title":{"rendered":"Tabaku e Bylykbashi takime n\u00eb Berlin, me zyrtar\u00ebt e kancelares Merkel"},"content":{"rendered":"<p>Si\u00e7 e njoftoi faktor.al n\u00eb Berlin ndodhen p\u00ebr takime edhe dy zyrtar\u00eb t\u00eb lart\u00eb t\u00eb PD. Demokrat\u00ebt, Oerd Bylykbashi dhe Jorida Tabaku zhvilluan nj\u00eb takim me Johan David Wadeful, i cili bashk\u00eb me kolegun e tij Kristian Shmit t\u00eb CSU, t\u00eb cil\u00ebt kan\u00eb shprehur gatishm\u00ebrin\u00eb p\u00ebr ndihm\u00eb n\u00eb kriz\u00ebn politike shqiptare.<\/p>\n<p>Dy ish-deput\u00ebt e PD jan\u00eb takuar edhe me Gunther Krishbaum dhe p\u00ebrfaq\u00ebsues t\u00eb tjer\u00eb t\u00eb CDU-s\u00eb s\u00eb kancelares Merkel. N\u00eb takime \u00ebsht\u00eb theksuar se situata n\u00eb vend po monitorohet, sikund\u00ebr do t\u00eb verifikohet n\u00eb m\u00ebnyr\u00eb rigoroze zbatimi i kriter\u00ebve t\u00eb an\u00ebtar\u00ebsimit para se Gjermania t\u00eb vendos\u00eb.<\/p>\n<p>&nbsp;<\/p>\n","protected":false},"excerpt":{"rendered":"<p>Si\u00e7 e njoftoi faktor.al n\u00eb Berlin ndodhen p\u00ebr takime edhe dy zyrtar\u00eb t\u00eb lart\u00eb t\u00eb PD. Demokrat\u00ebt, Oerd Bylykbashi dhe Jorida Tabaku zhvilluan nj\u00eb takim me Johan David Wadeful, i cili bashk\u00eb me kolegun e tij Kristian Shmit t\u00eb CSU, t\u00eb cil\u00ebt kan\u00eb shprehur gatishm\u00ebrin\u00eb p\u00ebr ndihm\u00eb n\u00eb kriz\u00ebn politike shqiptare. Dy ish-deput\u00ebt e PD [&hellip;]<\/p>\n","protected":false},"author":2013,"featured_media":83952,"comment_status":"open","ping_status":"closed","sticky":false,"template":"","format":"standard","meta":{"footnotes":""},"categories":[241,235],"tags":[],"class_list":{"0":"post-83951","1":"post","2":"type-post","3":"status-publish","4":"format-standard","5":"has-post-thumbnail","7":"category-aktualitet","8":"category-vendi"},"_links":{"self":[{"href":"https:\/\/zjarr.tv\/sq\/wp-json\/wp\/v2\/posts\/83951","targetHints":{"allow":["GET"]}}],"collection":[{"href":"https:\/\/zjarr.tv\/sq\/wp-json\/wp\/v2\/posts"}],"about":[{"href":"https:\/\/zjarr.tv\/sq\/wp-json\/wp\/v2\/types\/post"}],"author":[{"embeddable":true,"href":"https:\/\/zjarr.tv\/sq\/wp-json\/wp\/v2\/users\/2013"}],"replies":[{"embeddable":true,"href":"https:\/\/zjarr.tv\/sq\/wp-json\/wp\/v2\/comments?post=83951"}],"version-history":[{"count":0,"href":"https:\/\/zjarr.tv\/sq\/wp-json\/wp\/v2\/posts\/83951\/revisions"}],"wp:featuredmedia":[{"embeddable":true,"href":"https:\/\/zjarr.tv\/sq\/wp-json\/wp\/v2\/media\/83952"}],"wp:attachment":[{"href":"https:\/\/zjarr.tv\/sq\/wp-json\/wp\/v2\/media?parent=83951"}],"wp:term":[{"taxonomy":"category","embeddable":true,"href":"https:\/\/zjarr.tv\/sq\/wp-json\/wp\/v2\/categories?post=83951"},{"taxonomy":"post_tag","embeddable":true,"href":"https:\/\/zjarr.tv\/sq\/wp-json\/wp\/v2\/tags?post=83951"}],"curies":[{"name":"wp","href":"https:\/\/api.w.org\/{rel}","templated":true}]}}